{"id":1163,"date":"2015-07-01T23:05:02","date_gmt":"2015-07-01T21:05:02","guid":{"rendered":"http:\/\/unoyunodos.sareleku.com\/?p=1163"},"modified":"2015-07-01T23:06:18","modified_gmt":"2015-07-01T21:06:18","slug":"percebeiros","status":"publish","type":"post","link":"http:\/\/unoyunodos.sareleku.com\/index.php\/percebeiros\/","title":{"rendered":"Percebeiros"},"content":{"rendered":"<p><img decoding=\"async\" class=\" size-full wp-image-1164 aligncenter\" src=\"http:\/\/unoyunodos.sareleku.com\/wp-content\/uploads\/2015\/07\/Varela27.jpg\" alt=\"Varela27\" width=\"720\" height=\"479\" srcset=\"http:\/\/unoyunodos.sareleku.com\/wp-content\/uploads\/2015\/07\/Varela27.jpg 720w, http:\/\/unoyunodos.sareleku.com\/wp-content\/uploads\/2015\/07\/Varela27-300x200.jpg 300w, http:\/\/unoyunodos.sareleku.com\/wp-content\/uploads\/2015\/07\/Varela27-140x94.jpg 140w\" sizes=\"(max-width: 720px) 100vw, 720px\" \/><\/p>\n<div id=\"id_559454deee3563817931955\" class=\"text_exposed_root text_exposed\" style=\"text-align: justify\">Ma\u00f1ana, mi\u00e9rcoles, comienzan a apa\u00f1ar percebes en el cabo, durante tres d\u00edas <strong>Lela,<\/strong> acompa\u00f1ada de sus compa\u00f1eros, danzar\u00e1 al son de las olas, mecidos por el viento, saltando y corriendo entre las rocas para que podamos, el pr\u00f3ximo s\u00e1bado, disfrutar de ese sabroso manjar.<\/div>\n<div class=\"text_exposed_root text_exposed\" style=\"text-align: justify\"><\/div>\n<div class=\"text_exposed_root text_exposed\" style=\"text-align: justify\">Mi hijo y mis nietos pasaran unos d\u00edas con nosotros en <strong>Corme<\/strong>, ya me ha informado que desea comer percebes para festejar su cumpl<span class=\"text_exposed_show\">ea\u00f1os, tendremos que darle el gusto y que pueda saborear los percebes m\u00e1s afamados del mundo. <\/span><\/div>\n<div class=\"text_exposed_root text_exposed\" style=\"text-align: justify\"><span class=\"text_exposed_show\"><br \/>\nLos percebes son caros, aunque m\u00e1s caro suele resultar recolectarlos. En ese mismo cabo donde ma\u00f1ana comenzar\u00e1n a apa\u00f1ar percebes, hay varias cruces que nos recuerdan lo caro que puede resultar dedicarse a este arriesgado oficio.<\/span><\/div>\n","protected":false},"excerpt":{"rendered":"<p>Ma\u00f1ana, mi\u00e9rcoles, comienzan a apa\u00f1ar percebes en el cabo, durante tres d\u00edas Lela, acompa\u00f1ada de sus compa\u00f1eros, danzar\u00e1 al son de las olas, mecidos por el viento, saltando y corriendo entre las rocas para que podamos, el pr\u00f3ximo s\u00e1bado, disfrutar de ese sabroso manjar. Mi hijo y mis nietos pasaran unos d\u00edas con nosotros en [&hellip;]<\/p>\n","protected":false},"author":3,"featured_media":1164,"comment_status":"open","ping_status":"open","sticky":false,"template":"","format":"standard","meta":{"_et_pb_use_builder":"","_et_pb_old_content":"","_et_gb_content_width":"","_jetpack_memberships_contains_paid_content":false,"footnotes":""},"categories":[51],"tags":[62,59,54],"class_list":["post-1163","post","type-post","status-publish","format-standard","has-post-thumbnail","hentry","category-joseramonvarela","tag-corme","tag-galicia","tag-mar","et-has-post-format-content","et_post_format-et-post-format-standard"],"jetpack_featured_media_url":"http:\/\/unoyunodos.sareleku.com\/wp-content\/uploads\/2015\/07\/Varela27.jpg","jetpack_sharing_enabled":true,"_links":{"self":[{"href":"http:\/\/unoyunodos.sareleku.com\/index.php\/wp-json\/wp\/v2\/posts\/1163","targetHints":{"allow":["GET"]}}],"collection":[{"href":"http:\/\/unoyunodos.sareleku.com\/index.php\/wp-json\/wp\/v2\/posts"}],"about":[{"href":"http:\/\/unoyunodos.sareleku.com\/index.php\/wp-json\/wp\/v2\/types\/post"}],"author":[{"embeddable":true,"href":"http:\/\/unoyunodos.sareleku.com\/index.php\/wp-json\/wp\/v2\/users\/3"}],"replies":[{"embeddable":true,"href":"http:\/\/unoyunodos.sareleku.com\/index.php\/wp-json\/wp\/v2\/comments?post=1163"}],"version-history":[{"count":0,"href":"http:\/\/unoyunodos.sareleku.com\/index.php\/wp-json\/wp\/v2\/posts\/1163\/revisions"}],"wp:featuredmedia":[{"embeddable":true,"href":"http:\/\/unoyunodos.sareleku.com\/index.php\/wp-json\/wp\/v2\/media\/1164"}],"wp:attachment":[{"href":"http:\/\/unoyunodos.sareleku.com\/index.php\/wp-json\/wp\/v2\/media?parent=1163"}],"wp:term":[{"taxonomy":"category","embeddable":true,"href":"http:\/\/unoyunodos.sareleku.com\/index.php\/wp-json\/wp\/v2\/categories?post=1163"},{"taxonomy":"post_tag","embeddable":true,"href":"http:\/\/unoyunodos.sareleku.com\/index.php\/wp-json\/wp\/v2\/tags?post=1163"}],"curies":[{"name":"wp","href":"https:\/\/api.w.org\/{rel}","templated":true}]}}