{"id":1379,"date":"2016-02-21T22:52:44","date_gmt":"2016-02-21T21:52:44","guid":{"rendered":"http:\/\/unoyunodos.sareleku.com\/?p=1379"},"modified":"2016-02-21T22:52:44","modified_gmt":"2016-02-21T21:52:44","slug":"paseo-matutino-2","status":"publish","type":"post","link":"http:\/\/unoyunodos.sareleku.com\/index.php\/paseo-matutino-2\/","title":{"rendered":"Paseo matutino"},"content":{"rendered":"<p style=\"text-align: justify\">\n<div class=\"text_exposed_root text_exposed\" style=\"text-align: justify\"><img decoding=\"async\" class=\"alignnone size-full wp-image-1380\" src=\"http:\/\/unoyunodos.sareleku.com\/wp-content\/uploads\/Varela604.jpg\" alt=\"Varela604\" width=\"1000\" height=\"750\" srcset=\"http:\/\/unoyunodos.sareleku.com\/wp-content\/uploads\/Varela604.jpg 1000w, http:\/\/unoyunodos.sareleku.com\/wp-content\/uploads\/Varela604-300x225.jpg 300w, http:\/\/unoyunodos.sareleku.com\/wp-content\/uploads\/Varela604-768x576.jpg 768w\" sizes=\"(max-width: 1000px) 100vw, 1000px\" \/><\/div>\n<div class=\"text_exposed_root text_exposed\" style=\"text-align: justify\"><\/div>\n<div id=\"id_56ca30236a6722262892539\" class=\"text_exposed_root text_exposed\" style=\"text-align: justify\">Es curioso, desde que me he aficionado a la fotograf\u00eda, mis ojos perciben im\u00e1genes que antes no ve\u00edan. Puedo mostrarte muchos ejemplos: la belleza de los \u00e1rboles en invierno, me refiero a los perennes, a esas ramas desnudas, hu\u00e9rfanas, calvas\u2026 a las bicicletas que yacen encadenas a una farola, prisioneras del olvido\u2026 o a esos paseantes solitarios que merodean las riberas del r\u00edo disfrazados con ro<span class=\"text_exposed_show\">pajes deportivos, o a esos otros jubilados que pasean sus silencios en compa\u00f1\u00eda de la esposa. <\/span><\/div>\n<div class=\"text_exposed_root text_exposed\" style=\"text-align: justify\"><span class=\"text_exposed_show\"><br \/>\nLa ciudad cambia en invierno, los d\u00edas en que luce el sol nos vemos casi obligados a asaltar el asfalto, estamos cansados de dormitar nuestros aburrimientos entre las cuatro paredes de nuestra casa. <\/span><\/div>\n<div class=\"text_exposed_root text_exposed\" style=\"text-align: justify\"><span class=\"text_exposed_show\"><br \/>\nHoy me he dado un largo paseo matutino por los arenales de la Concha y lo he querido rematar de un modo singular: tom\u00e1ndome un vino en una terraza acompa\u00f1ado de unas gambas. <\/span><\/div>\n<div class=\"text_exposed_root text_exposed\" style=\"text-align: justify\"><span class=\"text_exposed_show\"><br \/>\nPor la tarde vida rutinaria: tras la comida, de sobremesa, una reparadora siesta, un poco de televisi\u00f3n \u2014un documental sobre arqueolog\u00eda\u2014 luego un pesado rompecabezas ejerciendo de jurado en un concurso fotogr\u00e1fico cuyo tema se la trae: abstracto, y, ahora, para rematar el d\u00eda te escribo, no quiero que pienses, que por ser festivo, me he olvidado de esta reflexi\u00f3n diaria que todas las noches te env\u00edo.<br \/>\n<\/span><\/div>\n<p style=\"text-align: justify\">\n","protected":false},"excerpt":{"rendered":"<p>Es curioso, desde que me he aficionado a la fotograf\u00eda, mis ojos perciben im\u00e1genes que antes no ve\u00edan. Puedo mostrarte muchos ejemplos: la belleza de los \u00e1rboles en invierno, me refiero a los perennes, a esas ramas desnudas, hu\u00e9rfanas, calvas\u2026 a las bicicletas que yacen encadenas a una farola, prisioneras del olvido\u2026 o a esos [&hellip;]<\/p>\n","protected":false},"author":3,"featured_media":1380,"comment_status":"open","ping_status":"open","sticky":false,"template":"","format":"standard","meta":{"_et_pb_use_builder":"","_et_pb_old_content":"","_et_gb_content_width":"","_jetpack_memberships_contains_paid_content":false,"footnotes":""},"categories":[51],"tags":[64],"class_list":["post-1379","post","type-post","status-publish","format-standard","has-post-thumbnail","hentry","category-joseramonvarela","tag-donosti","et-has-post-format-content","et_post_format-et-post-format-standard"],"jetpack_featured_media_url":"http:\/\/unoyunodos.sareleku.com\/wp-content\/uploads\/Varela604.jpg","jetpack_sharing_enabled":true,"_links":{"self":[{"href":"http:\/\/unoyunodos.sareleku.com\/index.php\/wp-json\/wp\/v2\/posts\/1379","targetHints":{"allow":["GET"]}}],"collection":[{"href":"http:\/\/unoyunodos.sareleku.com\/index.php\/wp-json\/wp\/v2\/posts"}],"about":[{"href":"http:\/\/unoyunodos.sareleku.com\/index.php\/wp-json\/wp\/v2\/types\/post"}],"author":[{"embeddable":true,"href":"http:\/\/unoyunodos.sareleku.com\/index.php\/wp-json\/wp\/v2\/users\/3"}],"replies":[{"embeddable":true,"href":"http:\/\/unoyunodos.sareleku.com\/index.php\/wp-json\/wp\/v2\/comments?post=1379"}],"version-history":[{"count":0,"href":"http:\/\/unoyunodos.sareleku.com\/index.php\/wp-json\/wp\/v2\/posts\/1379\/revisions"}],"wp:featuredmedia":[{"embeddable":true,"href":"http:\/\/unoyunodos.sareleku.com\/index.php\/wp-json\/wp\/v2\/media\/1380"}],"wp:attachment":[{"href":"http:\/\/unoyunodos.sareleku.com\/index.php\/wp-json\/wp\/v2\/media?parent=1379"}],"wp:term":[{"taxonomy":"category","embeddable":true,"href":"http:\/\/unoyunodos.sareleku.com\/index.php\/wp-json\/wp\/v2\/categories?post=1379"},{"taxonomy":"post_tag","embeddable":true,"href":"http:\/\/unoyunodos.sareleku.com\/index.php\/wp-json\/wp\/v2\/tags?post=1379"}],"curies":[{"name":"wp","href":"https:\/\/api.w.org\/{rel}","templated":true}]}}