{"id":1443,"date":"2016-06-05T22:49:10","date_gmt":"2016-06-05T20:49:10","guid":{"rendered":"http:\/\/unoyunodos.sareleku.com\/?p=1443"},"modified":"2016-06-05T22:49:33","modified_gmt":"2016-06-05T20:49:33","slug":"lapobreza","status":"publish","type":"post","link":"http:\/\/unoyunodos.sareleku.com\/index.php\/lapobreza\/","title":{"rendered":"La pobreza &#8230;"},"content":{"rendered":"<div class=\"text_exposed_root text_exposed\" style=\"text-align: justify\">\u00a0<img decoding=\"async\" class=\"alignnone size-full wp-image-1444\" src=\"http:\/\/unoyunodos.sareleku.com\/wp-content\/uploads\/Varela610.jpg\" alt=\"Varela610\" width=\"1000\" height=\"764\" srcset=\"http:\/\/unoyunodos.sareleku.com\/wp-content\/uploads\/Varela610.jpg 1000w, http:\/\/unoyunodos.sareleku.com\/wp-content\/uploads\/Varela610-300x229.jpg 300w, http:\/\/unoyunodos.sareleku.com\/wp-content\/uploads\/Varela610-768x587.jpg 768w\" sizes=\"(max-width: 1000px) 100vw, 1000px\" \/><\/div>\n<div class=\"text_exposed_root text_exposed\"><\/div>\n<div id=\"id_56ca30236a6722262892539\" class=\"text_exposed_root text_exposed\" style=\"text-align: justify\">\n<div id=\"id_572f7c68c8ef85174821449\" class=\"text_exposed_root text_exposed\"><span class=\"text_exposed_show\"><span id=\"fbPhotoSnowliftCaption\" class=\"fbPhotosPhotoCaption\"><span class=\"hasCaption\">LA POBREZA no est\u00e1 re\u00f1ida con la belleza.<\/span><\/span><\/span><\/div>\n<div class=\"text_exposed_root text_exposed\"><span class=\"text_exposed_show\"><span id=\"fbPhotoSnowliftCaption\" class=\"fbPhotosPhotoCaption\"><span class=\"hasCaption\"><br \/>\nEsta casita de unos 40 metros cuadrados es de un agricultor del pueblo de Vi\u00f1ales, uno de tantos tabaqueros, que tras la recolecci\u00f3n y secado de las hojas ve, impotente, como el gobierno se queda, por unos pocos pesos, con el 90% de su producci\u00f3n y le \u201cconcede\u201d el diez por ciento restante para su consumo particular.<\/span><\/span><\/span><\/div>\n<div class=\"text_exposed_root text_exposed\"><span class=\"text_exposed_show\"><span id=\"fbPhotoSnowliftCaption\" class=\"fbPhotosPhotoCaption\"><span class=\"hasCaption\"><br \/>\nCon sus paup\u00e9rrimos ingresos a\u00fan tiene, la se\u00f1ora de la casa, la alegr\u00eda suficiente como para cuidar del helecho de su maceta, tener impoluta su terraza y mantener el color v\u00edvido de sus paredes y sillas.<\/span><\/span><\/span><\/div>\n<div class=\"text_exposed_root text_exposed\"><span class=\"text_exposed_show\"><span id=\"fbPhotoSnowliftCaption\" class=\"fbPhotosPhotoCaption\"><span class=\"hasCaption\"><br \/>\nSi curioseamos a trav\u00e9s de la ventana podemos observar el electrodom\u00e9stico m\u00e1s valioso de su hogar: un ventilador.<\/span><\/span><\/span><\/div>\n<p>&nbsp;<\/p>\n<\/div>\n","protected":false},"excerpt":{"rendered":"<p>\u00a0 LA POBREZA no est\u00e1 re\u00f1ida con la belleza. Esta casita de unos 40 metros cuadrados es de un agricultor del pueblo de Vi\u00f1ales, uno de tantos tabaqueros, que tras la recolecci\u00f3n y secado de las hojas ve, impotente, como el gobierno se queda, por unos pocos pesos, con el 90% de su producci\u00f3n y [&hellip;]<\/p>\n","protected":false},"author":3,"featured_media":1444,"comment_status":"open","ping_status":"open","sticky":false,"template":"","format":"standard","meta":{"_et_pb_use_builder":"","_et_pb_old_content":"","_et_gb_content_width":"","_jetpack_memberships_contains_paid_content":false,"footnotes":""},"categories":[51],"tags":[123],"class_list":["post-1443","post","type-post","status-publish","format-standard","has-post-thumbnail","hentry","category-joseramonvarela","tag-cuba","et-has-post-format-content","et_post_format-et-post-format-standard"],"jetpack_featured_media_url":"http:\/\/unoyunodos.sareleku.com\/wp-content\/uploads\/Varela610.jpg","jetpack_sharing_enabled":true,"_links":{"self":[{"href":"http:\/\/unoyunodos.sareleku.com\/index.php\/wp-json\/wp\/v2\/posts\/1443","targetHints":{"allow":["GET"]}}],"collection":[{"href":"http:\/\/unoyunodos.sareleku.com\/index.php\/wp-json\/wp\/v2\/posts"}],"about":[{"href":"http:\/\/unoyunodos.sareleku.com\/index.php\/wp-json\/wp\/v2\/types\/post"}],"author":[{"embeddable":true,"href":"http:\/\/unoyunodos.sareleku.com\/index.php\/wp-json\/wp\/v2\/users\/3"}],"replies":[{"embeddable":true,"href":"http:\/\/unoyunodos.sareleku.com\/index.php\/wp-json\/wp\/v2\/comments?post=1443"}],"version-history":[{"count":0,"href":"http:\/\/unoyunodos.sareleku.com\/index.php\/wp-json\/wp\/v2\/posts\/1443\/revisions"}],"wp:featuredmedia":[{"embeddable":true,"href":"http:\/\/unoyunodos.sareleku.com\/index.php\/wp-json\/wp\/v2\/media\/1444"}],"wp:attachment":[{"href":"http:\/\/unoyunodos.sareleku.com\/index.php\/wp-json\/wp\/v2\/media?parent=1443"}],"wp:term":[{"taxonomy":"category","embeddable":true,"href":"http:\/\/unoyunodos.sareleku.com\/index.php\/wp-json\/wp\/v2\/categories?post=1443"},{"taxonomy":"post_tag","embeddable":true,"href":"http:\/\/unoyunodos.sareleku.com\/index.php\/wp-json\/wp\/v2\/tags?post=1443"}],"curies":[{"name":"wp","href":"https:\/\/api.w.org\/{rel}","templated":true}]}}