{"id":1506,"date":"2016-09-04T22:00:53","date_gmt":"2016-09-04T20:00:53","guid":{"rendered":"http:\/\/unoyunodos.sareleku.com\/?p=1506"},"modified":"2016-09-05T09:33:49","modified_gmt":"2016-09-05T07:33:49","slug":"la-noche","status":"publish","type":"post","link":"http:\/\/unoyunodos.sareleku.com\/index.php\/la-noche\/","title":{"rendered":"La noche"},"content":{"rendered":"<p><img decoding=\"async\" class=\"alignnone size-large wp-image-1507\" src=\"http:\/\/unoyunodos.sareleku.com\/wp-content\/uploads\/Varela616-1024x683.jpg\" alt=\"Varela616\" width=\"1024\" height=\"683\" srcset=\"http:\/\/unoyunodos.sareleku.com\/wp-content\/uploads\/Varela616-1024x683.jpg 1024w, http:\/\/unoyunodos.sareleku.com\/wp-content\/uploads\/Varela616-300x200.jpg 300w, http:\/\/unoyunodos.sareleku.com\/wp-content\/uploads\/Varela616-768x512.jpg 768w, http:\/\/unoyunodos.sareleku.com\/wp-content\/uploads\/Varela616-140x94.jpg 140w, http:\/\/unoyunodos.sareleku.com\/wp-content\/uploads\/Varela616.jpg 2048w\" sizes=\"(max-width: 1024px) 100vw, 1024px\" \/><\/p>\n<p style=\"text-align: justify\"><span id=\"fbPhotoSnowliftCaption\" class=\"fbPhotosPhotoCaption\"><span class=\"hasCaption\"><span class=\"_5yl5\">A veces tengo la sensaci\u00f3n de que en los pueblos las noches son menos oscuras; quiz\u00e1s por esa raz\u00f3n est\u00e1n menos iluminados. Ahora que estoy en un pueblo perdido de la <em>Costa de la Muerte,<\/em> ayer por la noche me fui a pasear por la playa, no hay m\u00e1s luz que la de la luna creciente, las estrellas y en la lejan\u00eda se puede ver las luces de los barcos que est\u00e1n amarrados al muelle. <\/span><\/span><\/span><\/p>\n<div class=\"_d97\" style=\"text-align: justify\"><span class=\"_5yl5\">Ese juego de claroscuros, m\u00e1s oscuros que claros, me desafiaban a retratarlos, desenfund\u00e9 la c\u00e1mara, apunt\u00e9 hacia la arena h\u00fameda y dispar\u00e9. Me temo que fall\u00e9 el disparo.<\/span><\/div>\n","protected":false},"excerpt":{"rendered":"<p>A veces tengo la sensaci\u00f3n de que en los pueblos las noches son menos oscuras; quiz\u00e1s por esa raz\u00f3n est\u00e1n menos iluminados. Ahora que estoy en un pueblo perdido de la Costa de la Muerte, ayer por la noche me fui a pasear por la playa, no hay m\u00e1s luz que la de la luna [&hellip;]<\/p>\n","protected":false},"author":3,"featured_media":1507,"comment_status":"open","ping_status":"open","sticky":false,"template":"","format":"standard","meta":{"_et_pb_use_builder":"","_et_pb_old_content":"","_et_gb_content_width":"","_jetpack_memberships_contains_paid_content":false,"footnotes":""},"categories":[51],"tags":[66],"class_list":["post-1506","post","type-post","status-publish","format-standard","has-post-thumbnail","hentry","category-joseramonvarela","tag-playa","et-has-post-format-content","et_post_format-et-post-format-standard"],"jetpack_featured_media_url":"http:\/\/unoyunodos.sareleku.com\/wp-content\/uploads\/Varela616.jpg","jetpack_sharing_enabled":true,"_links":{"self":[{"href":"http:\/\/unoyunodos.sareleku.com\/index.php\/wp-json\/wp\/v2\/posts\/1506","targetHints":{"allow":["GET"]}}],"collection":[{"href":"http:\/\/unoyunodos.sareleku.com\/index.php\/wp-json\/wp\/v2\/posts"}],"about":[{"href":"http:\/\/unoyunodos.sareleku.com\/index.php\/wp-json\/wp\/v2\/types\/post"}],"author":[{"embeddable":true,"href":"http:\/\/unoyunodos.sareleku.com\/index.php\/wp-json\/wp\/v2\/users\/3"}],"replies":[{"embeddable":true,"href":"http:\/\/unoyunodos.sareleku.com\/index.php\/wp-json\/wp\/v2\/comments?post=1506"}],"version-history":[{"count":3,"href":"http:\/\/unoyunodos.sareleku.com\/index.php\/wp-json\/wp\/v2\/posts\/1506\/revisions"}],"predecessor-version":[{"id":1510,"href":"http:\/\/unoyunodos.sareleku.com\/index.php\/wp-json\/wp\/v2\/posts\/1506\/revisions\/1510"}],"wp:featuredmedia":[{"embeddable":true,"href":"http:\/\/unoyunodos.sareleku.com\/index.php\/wp-json\/wp\/v2\/media\/1507"}],"wp:attachment":[{"href":"http:\/\/unoyunodos.sareleku.com\/index.php\/wp-json\/wp\/v2\/media?parent=1506"}],"wp:term":[{"taxonomy":"category","embeddable":true,"href":"http:\/\/unoyunodos.sareleku.com\/index.php\/wp-json\/wp\/v2\/categories?post=1506"},{"taxonomy":"post_tag","embeddable":true,"href":"http:\/\/unoyunodos.sareleku.com\/index.php\/wp-json\/wp\/v2\/tags?post=1506"}],"curies":[{"name":"wp","href":"https:\/\/api.w.org\/{rel}","templated":true}]}}