{"id":1764,"date":"2017-10-02T00:18:19","date_gmt":"2017-10-01T22:18:19","guid":{"rendered":"http:\/\/unoyunodos.sareleku.com\/?p=1764"},"modified":"2017-10-02T00:18:19","modified_gmt":"2017-10-01T22:18:19","slug":"la-fuente","status":"publish","type":"post","link":"http:\/\/unoyunodos.sareleku.com\/index.php\/la-fuente\/","title":{"rendered":"La fuente"},"content":{"rendered":"<div><\/div>\n<div><img decoding=\"async\" class=\"alignnone size-large wp-image-1765\" src=\"http:\/\/unoyunodos.sareleku.com\/wp-content\/uploads\/Varela1718-1024x768.jpg\" alt=\"\" width=\"1024\" height=\"768\" srcset=\"http:\/\/unoyunodos.sareleku.com\/wp-content\/uploads\/Varela1718-1024x768.jpg 1024w, http:\/\/unoyunodos.sareleku.com\/wp-content\/uploads\/Varela1718-300x225.jpg 300w, http:\/\/unoyunodos.sareleku.com\/wp-content\/uploads\/Varela1718-768x576.jpg 768w, http:\/\/unoyunodos.sareleku.com\/wp-content\/uploads\/Varela1718.jpg 2048w\" sizes=\"(max-width: 1024px) 100vw, 1024px\" \/><\/div>\n<div class=\"_d97\">\n<div class=\"_aok\" style=\"text-align: justify\"><span class=\"_3oh- _58nk\">Al final tendr\u00e9 que bajarme del burro y darle la raz\u00f3n a mi vecino del segundo B, el ecologista. Aqu\u00ed ya no hay invierno, ni oto\u00f1o, s\u00f3lo tenemos una ef\u00edmera primavera y un largo y seco verano. Ya no recuerdo cu\u00e1ndo fue el \u00faltimo d\u00eda que llovi\u00f3, el color verde que anta\u00f1o pintaba nuestros campos es, desde hace a\u00f1os, de un ocre crepuscular; las huertas parecen cementerios, est\u00e1n siendo abandonadas desde que las autoridades prohibieron el riego para ahorrar en el consumo de agua; aquellos bosques frondosos donde no se pod\u00eda caminar, donde helechos, tojos y zarzas cubr\u00edan los senderos, ahora parecen playas, muestran un suelo \u00e1rido, bald\u00edo e infecundo; los manantiales se han secado, por sus ca\u00f1os ya no mana agua. <\/span><\/div>\n<div><\/div>\n<div class=\"_aok\" style=\"text-align: justify\"><span class=\"_3oh- _58nk\">Hoy al toparme con esta vieja fuente han renacido mis esperanzas, ese hilillo que mana de sus entra\u00f1as me ha conmovido. Quiz\u00e1 no todo se haya perdido. Quiz\u00e1s un d\u00eda de estos vuelva a llover y de al traste con los negros presagios del agorero de mi vecino del segundo B.<\/span><\/div>\n<\/div>\n","protected":false},"excerpt":{"rendered":"<p>Al final tendr\u00e9 que bajarme del burro y darle la raz\u00f3n a mi vecino del segundo B, el ecologista. Aqu\u00ed ya no hay invierno, ni oto\u00f1o, s\u00f3lo tenemos una ef\u00edmera primavera y un largo y seco verano. Ya no recuerdo cu\u00e1ndo fue el \u00faltimo d\u00eda que llovi\u00f3, el color verde que anta\u00f1o pintaba nuestros campos [&hellip;]<\/p>\n","protected":false},"author":3,"featured_media":1765,"comment_status":"open","ping_status":"open","sticky":false,"template":"","format":"standard","meta":{"_et_pb_use_builder":"","_et_pb_old_content":"","_et_gb_content_width":"","_jetpack_memberships_contains_paid_content":false,"footnotes":""},"categories":[51],"tags":[],"class_list":["post-1764","post","type-post","status-publish","format-standard","has-post-thumbnail","hentry","category-joseramonvarela","et-has-post-format-content","et_post_format-et-post-format-standard"],"jetpack_featured_media_url":"http:\/\/unoyunodos.sareleku.com\/wp-content\/uploads\/Varela1718.jpg","jetpack_sharing_enabled":true,"_links":{"self":[{"href":"http:\/\/unoyunodos.sareleku.com\/index.php\/wp-json\/wp\/v2\/posts\/1764","targetHints":{"allow":["GET"]}}],"collection":[{"href":"http:\/\/unoyunodos.sareleku.com\/index.php\/wp-json\/wp\/v2\/posts"}],"about":[{"href":"http:\/\/unoyunodos.sareleku.com\/index.php\/wp-json\/wp\/v2\/types\/post"}],"author":[{"embeddable":true,"href":"http:\/\/unoyunodos.sareleku.com\/index.php\/wp-json\/wp\/v2\/users\/3"}],"replies":[{"embeddable":true,"href":"http:\/\/unoyunodos.sareleku.com\/index.php\/wp-json\/wp\/v2\/comments?post=1764"}],"version-history":[{"count":1,"href":"http:\/\/unoyunodos.sareleku.com\/index.php\/wp-json\/wp\/v2\/posts\/1764\/revisions"}],"predecessor-version":[{"id":1766,"href":"http:\/\/unoyunodos.sareleku.com\/index.php\/wp-json\/wp\/v2\/posts\/1764\/revisions\/1766"}],"wp:featuredmedia":[{"embeddable":true,"href":"http:\/\/unoyunodos.sareleku.com\/index.php\/wp-json\/wp\/v2\/media\/1765"}],"wp:attachment":[{"href":"http:\/\/unoyunodos.sareleku.com\/index.php\/wp-json\/wp\/v2\/media?parent=1764"}],"wp:term":[{"taxonomy":"category","embeddable":true,"href":"http:\/\/unoyunodos.sareleku.com\/index.php\/wp-json\/wp\/v2\/categories?post=1764"},{"taxonomy":"post_tag","embeddable":true,"href":"http:\/\/unoyunodos.sareleku.com\/index.php\/wp-json\/wp\/v2\/tags?post=1764"}],"curies":[{"name":"wp","href":"https:\/\/api.w.org\/{rel}","templated":true}]}}