{"id":2254,"date":"2019-07-07T21:19:38","date_gmt":"2019-07-07T19:19:38","guid":{"rendered":"http:\/\/unoyunodos.sareleku.com\/?p=2254"},"modified":"2020-03-20T16:51:33","modified_gmt":"2020-03-20T15:51:33","slug":"foro-de-augusto-en-roma","status":"publish","type":"post","link":"http:\/\/unoyunodos.sareleku.com\/index.php\/foro-de-augusto-en-roma\/","title":{"rendered":"Foro de Augusto en Roma"},"content":{"rendered":"<p><img decoding=\"async\" class=\"aligncenter size-full wp-image-2255\" src=\"http:\/\/unoyunodos.sareleku.com\/wp-content\/uploads\/Foro-de-Augusto-en-Roma-1-2.jpg\" alt=\"\" width=\"1920\" height=\"884\" srcset=\"http:\/\/unoyunodos.sareleku.com\/wp-content\/uploads\/Foro-de-Augusto-en-Roma-1-2.jpg 1920w, http:\/\/unoyunodos.sareleku.com\/wp-content\/uploads\/Foro-de-Augusto-en-Roma-1-2-300x138.jpg 300w, http:\/\/unoyunodos.sareleku.com\/wp-content\/uploads\/Foro-de-Augusto-en-Roma-1-2-768x354.jpg 768w, http:\/\/unoyunodos.sareleku.com\/wp-content\/uploads\/Foro-de-Augusto-en-Roma-1-2-1024x471.jpg 1024w\" sizes=\"(max-width: 1920px) 100vw, 1920px\" \/><\/p>\n<p style=\"text-align: justify;\">Siguiendo el ejemplo de <strong>C\u00e9sar<\/strong>, su hijo adoptivo, <strong>Augusto<\/strong>, edific\u00f3 su foro formando escuadra con el de su antecesor y reservando el extremo preferencial de la plaza al templo que hab\u00eda prometido a <em>Mars Ultor (Marte Vengador)<\/em> en v\u00edsperas de la batalla de Filipos (42 a. C.), donde luch\u00f3 contra los asesinos de su padre.<\/p>\n<p style=\"text-align: justify;\">Las construcciones empezaron en el a\u00f1o 31 a.C. despu\u00e9s de un considerable trabajo de demolici\u00f3n. Treinta a\u00f1os despu\u00e9s, en el 2 a.C., el proyecto fue ultimado y se pudo inaugurar.<\/p>\n<p style=\"text-align: justify;\">Por lo pronto, dos novedades quedaron consagradas: el m\u00e1rmol, no s\u00f3lo griego, sino italiano (de Carrara) como material de construcci\u00f3n y de revestimiento de podios de otras piedras, y el orden corintio can\u00f3nico, en los capiteles del llamado corintio normal, no excluyente de otras formas.<\/p>\n","protected":false},"excerpt":{"rendered":"<p>Siguiendo el ejemplo de C\u00e9sar, su hijo adoptivo, Augusto, edific\u00f3 su foro formando escuadra con el de su antecesor y reservando el extremo preferencial de la plaza al templo que hab\u00eda prometido a Mars Ultor (Marte Vengador) en v\u00edsperas de la batalla de Filipos (42 a. C.), donde luch\u00f3 contra los asesinos de su padre. [&hellip;]<\/p>\n","protected":false},"author":2,"featured_media":2255,"comment_status":"open","ping_status":"open","sticky":false,"template":"","format":"standard","meta":{"_et_pb_use_builder":"","_et_pb_old_content":"","_et_gb_content_width":"","_jetpack_memberships_contains_paid_content":false,"footnotes":""},"categories":[50],"tags":[90,230,98],"class_list":["post-2254","post","type-post","status-publish","format-standard","has-post-thumbnail","hentry","category-luismartinez","tag-arquitectura","tag-italia","tag-roma","et-has-post-format-content","et_post_format-et-post-format-standard"],"jetpack_featured_media_url":"http:\/\/unoyunodos.sareleku.com\/wp-content\/uploads\/Foro-de-Augusto-en-Roma-1-2.jpg","jetpack_sharing_enabled":true,"_links":{"self":[{"href":"http:\/\/unoyunodos.sareleku.com\/index.php\/wp-json\/wp\/v2\/posts\/2254","targetHints":{"allow":["GET"]}}],"collection":[{"href":"http:\/\/unoyunodos.sareleku.com\/index.php\/wp-json\/wp\/v2\/posts"}],"about":[{"href":"http:\/\/unoyunodos.sareleku.com\/index.php\/wp-json\/wp\/v2\/types\/post"}],"author":[{"embeddable":true,"href":"http:\/\/unoyunodos.sareleku.com\/index.php\/wp-json\/wp\/v2\/users\/2"}],"replies":[{"embeddable":true,"href":"http:\/\/unoyunodos.sareleku.com\/index.php\/wp-json\/wp\/v2\/comments?post=2254"}],"version-history":[{"count":1,"href":"http:\/\/unoyunodos.sareleku.com\/index.php\/wp-json\/wp\/v2\/posts\/2254\/revisions"}],"predecessor-version":[{"id":2256,"href":"http:\/\/unoyunodos.sareleku.com\/index.php\/wp-json\/wp\/v2\/posts\/2254\/revisions\/2256"}],"wp:featuredmedia":[{"embeddable":true,"href":"http:\/\/unoyunodos.sareleku.com\/index.php\/wp-json\/wp\/v2\/media\/2255"}],"wp:attachment":[{"href":"http:\/\/unoyunodos.sareleku.com\/index.php\/wp-json\/wp\/v2\/media?parent=2254"}],"wp:term":[{"taxonomy":"category","embeddable":true,"href":"http:\/\/unoyunodos.sareleku.com\/index.php\/wp-json\/wp\/v2\/categories?post=2254"},{"taxonomy":"post_tag","embeddable":true,"href":"http:\/\/unoyunodos.sareleku.com\/index.php\/wp-json\/wp\/v2\/tags?post=2254"}],"curies":[{"name":"wp","href":"https:\/\/api.w.org\/{rel}","templated":true}]}}