{"id":2797,"date":"2020-08-23T08:03:22","date_gmt":"2020-08-23T06:03:22","guid":{"rendered":"http:\/\/unoyunodos.sareleku.com\/?p=2797"},"modified":"2020-08-23T08:03:27","modified_gmt":"2020-08-23T06:03:27","slug":"tiempos-de-peste","status":"publish","type":"post","link":"http:\/\/unoyunodos.sareleku.com\/index.php\/tiempos-de-peste\/","title":{"rendered":"Tiempos de peste"},"content":{"rendered":"\n<figure class=\"wp-block-image size-large\"><img decoding=\"async\" width=\"1024\" height=\"612\" src=\"http:\/\/unoyunodos.sareleku.com\/wp-content\/uploads\/Varela2018-1024x612.jpg\" alt=\"\" class=\"wp-image-2798\" srcset=\"http:\/\/unoyunodos.sareleku.com\/wp-content\/uploads\/Varela2018-1024x612.jpg 1024w, http:\/\/unoyunodos.sareleku.com\/wp-content\/uploads\/Varela2018-300x179.jpg 300w, http:\/\/unoyunodos.sareleku.com\/wp-content\/uploads\/Varela2018-768x459.jpg 768w, http:\/\/unoyunodos.sareleku.com\/wp-content\/uploads\/Varela2018-1536x917.jpg 1536w, http:\/\/unoyunodos.sareleku.com\/wp-content\/uploads\/Varela2018-1080x645.jpg 1080w, http:\/\/unoyunodos.sareleku.com\/wp-content\/uploads\/Varela2018-627x376.jpg 627w, http:\/\/unoyunodos.sareleku.com\/wp-content\/uploads\/Varela2018-440x264.jpg 440w, http:\/\/unoyunodos.sareleku.com\/wp-content\/uploads\/Varela2018.jpg 2048w\" sizes=\"(max-width: 1024px) 100vw, 1024px\" \/><\/figure>\n\n\n\n<p style=\"text-align: justify\">Estas im\u00e1genes que captamos por la calle, cuando pase, que pasar\u00e1, esta peste, ser\u00e1n un documento ilustrativo para las nuevas generaciones del c\u00f3mo viv\u00edamos sobrellevando a duras penas las ingratas e inc\u00f3modas mascarillas protectoras, aunque hace dos meses, casi se nos ha olvidado, nos dec\u00edan que no proteg\u00edan ni eran \u00fatiles y hoy hasta te multan si no la llevas bien colocada, quiz\u00e1 ma\u00f1ana, con lo r\u00e1pido que aqu\u00ed cambia todo, nos vuelvan a decir que son nocivas y que producen asma o infecciones respiratorias, o vaya a usted a saber qu\u00e9 otra explicaci\u00f3n nos dar\u00e1n si en el mercado vuelven a escasear.<\/p>\n<p style=\"text-align: justify\">Sea lo que fuere, hoy todos la llevamos puesta y en todas las fotograf\u00edas que tomamos en la calle es el elemento m\u00e1s com\u00fan de cuantos llevamos puestos.<\/p>\n","protected":false},"excerpt":{"rendered":"<p>Estas im\u00e1genes que captamos por la calle, cuando pase, que pasar\u00e1, esta peste, ser\u00e1n un documento ilustrativo para las nuevas generaciones del c\u00f3mo viv\u00edamos sobrellevando a duras penas las ingratas e inc\u00f3modas mascarillas protectoras, aunque hace dos meses, casi se nos ha olvidado, nos dec\u00edan que no proteg\u00edan ni eran \u00fatiles y hoy hasta te [&hellip;]<\/p>\n","protected":false},"author":3,"featured_media":2798,"comment_status":"open","ping_status":"open","sticky":false,"template":"","format":"standard","meta":{"_et_pb_use_builder":"off","_et_pb_old_content":"","_et_gb_content_width":"","_jetpack_memberships_contains_paid_content":false,"footnotes":""},"categories":[51],"tags":[],"class_list":["post-2797","post","type-post","status-publish","format-standard","has-post-thumbnail","hentry","category-joseramonvarela","et-has-post-format-content","et_post_format-et-post-format-standard"],"jetpack_featured_media_url":"http:\/\/unoyunodos.sareleku.com\/wp-content\/uploads\/Varela2018.jpg","jetpack_sharing_enabled":true,"_links":{"self":[{"href":"http:\/\/unoyunodos.sareleku.com\/index.php\/wp-json\/wp\/v2\/posts\/2797","targetHints":{"allow":["GET"]}}],"collection":[{"href":"http:\/\/unoyunodos.sareleku.com\/index.php\/wp-json\/wp\/v2\/posts"}],"about":[{"href":"http:\/\/unoyunodos.sareleku.com\/index.php\/wp-json\/wp\/v2\/types\/post"}],"author":[{"embeddable":true,"href":"http:\/\/unoyunodos.sareleku.com\/index.php\/wp-json\/wp\/v2\/users\/3"}],"replies":[{"embeddable":true,"href":"http:\/\/unoyunodos.sareleku.com\/index.php\/wp-json\/wp\/v2\/comments?post=2797"}],"version-history":[{"count":2,"href":"http:\/\/unoyunodos.sareleku.com\/index.php\/wp-json\/wp\/v2\/posts\/2797\/revisions"}],"predecessor-version":[{"id":2800,"href":"http:\/\/unoyunodos.sareleku.com\/index.php\/wp-json\/wp\/v2\/posts\/2797\/revisions\/2800"}],"wp:featuredmedia":[{"embeddable":true,"href":"http:\/\/unoyunodos.sareleku.com\/index.php\/wp-json\/wp\/v2\/media\/2798"}],"wp:attachment":[{"href":"http:\/\/unoyunodos.sareleku.com\/index.php\/wp-json\/wp\/v2\/media?parent=2797"}],"wp:term":[{"taxonomy":"category","embeddable":true,"href":"http:\/\/unoyunodos.sareleku.com\/index.php\/wp-json\/wp\/v2\/categories?post=2797"},{"taxonomy":"post_tag","embeddable":true,"href":"http:\/\/unoyunodos.sareleku.com\/index.php\/wp-json\/wp\/v2\/tags?post=2797"}],"curies":[{"name":"wp","href":"https:\/\/api.w.org\/{rel}","templated":true}]}}