{"id":2819,"date":"2020-09-19T22:46:33","date_gmt":"2020-09-19T20:46:33","guid":{"rendered":"http:\/\/unoyunodos.sareleku.com\/?p=2819"},"modified":"2020-09-19T22:46:38","modified_gmt":"2020-09-19T20:46:38","slug":"que-tienen-los-deportitas-que-no-tienes-tu","status":"publish","type":"post","link":"http:\/\/unoyunodos.sareleku.com\/index.php\/que-tienen-los-deportitas-que-no-tienes-tu\/","title":{"rendered":"\u00bfQu\u00e9 tienen los deportitas que no tienes t\u00fa?"},"content":{"rendered":"\n<figure class=\"wp-block-image size-large\"><img decoding=\"async\" width=\"1000\" height=\"706\" src=\"http:\/\/unoyunodos.sareleku.com\/wp-content\/uploads\/Varela2023.jpg\" alt=\"\" class=\"wp-image-2820\" srcset=\"http:\/\/unoyunodos.sareleku.com\/wp-content\/uploads\/Varela2023.jpg 1000w, http:\/\/unoyunodos.sareleku.com\/wp-content\/uploads\/Varela2023-300x212.jpg 300w, http:\/\/unoyunodos.sareleku.com\/wp-content\/uploads\/Varela2023-768x542.jpg 768w\" sizes=\"(max-width: 1000px) 100vw, 1000px\" \/><\/figure>\n\n\n\n<p style=\"text-align: justify\">No s\u00e9 si te has hecho alguna vez esta pregunta. Yo, \u00faltimamente, me la hago muy a menudo.<\/p>\n<p style=\"text-align: justify\">Durante el confinamiento cuaresmal, cuando escaseaban los test para hacerse el famoso PCR, s\u00f3lo los pol\u00edticos y los deportistas ten\u00edan barra libre, los parias, los currelas, los ancianos, los ni\u00f1os, las embarazadas, t\u00fa y yo ten\u00edamos que jorobarnos y vivir en la m\u00e1s absoluta incertidumbre.<\/p>\n<p style=\"text-align: justify\">Hoy las medidas de contenci\u00f3n de contagios se dictan para toda la ciudadan\u00eda, menos para los deportistas. T\u00fa y yo debemos llevar mascarilla cuando salimos a pasear, ellos aducen que con el esfuerzo que hacen las mascarillas son un estorbo, nuestros pol\u00edticos tan comprensivos ellos, se lo permiten y adem\u00e1s les permiten que mientras se ejercitan puedan escupir, esputar, lanzar sus asquerosos mocos al vuelo y hasta mear si lo hacen sobre la marcha.<\/p>\n<p style=\"text-align: justify\">Pero lo que m\u00e1s me indigna no son estos privilegios, lo que m\u00e1s me indigna es que el colectivo de deportistas es, porcentualmente, el de mayor \u00edndice de contagios y nadie tiene bemoles para confinarlos, encerrarlos o multarlos. Hace unas semanas el equipo de futbol del Fuenlabrada se desplaz\u00f3 a Coru\u00f1a a jugar un partido oficial y trasport\u00f3 en su autob\u00fas a varios contagiados sin que los responsables del equipo ni los de la Federaci\u00f3n o la Liga dijeran ni mu y tuvo que ser la autoridad gallega quien decretara su confinamiento.<\/p>\n<p style=\"text-align: justify\">Todos los equipos de f\u00fatbol de primera divisi\u00f3n, hasta el de nuestra aldea, han tenido entre sus filas jugadores contagiados. Me pregunto d\u00f3nde se mueve esta gente, con qui\u00e9n se relacionan, qu\u00e9 lugares frecuentan\u2026 al final llego a la conclusi\u00f3n que pol\u00edticos y deportistas son muy parecidos, nos muestran su cara de monaguillos y luego\u2026<\/p>\n","protected":false},"excerpt":{"rendered":"<p>No s\u00e9 si te has hecho alguna vez esta pregunta. Yo, \u00faltimamente, me la hago muy a menudo. Durante el confinamiento cuaresmal, cuando escaseaban los test para hacerse el famoso PCR, s\u00f3lo los pol\u00edticos y los deportistas ten\u00edan barra libre, los parias, los currelas, los ancianos, los ni\u00f1os, las embarazadas, t\u00fa y yo ten\u00edamos que [&hellip;]<\/p>\n","protected":false},"author":3,"featured_media":2820,"comment_status":"open","ping_status":"open","sticky":false,"template":"","format":"standard","meta":{"_et_pb_use_builder":"off","_et_pb_old_content":"","_et_gb_content_width":"","_jetpack_memberships_contains_paid_content":false,"footnotes":""},"categories":[51],"tags":[238,275,58],"class_list":["post-2819","post","type-post","status-publish","format-standard","has-post-thumbnail","hentry","category-joseramonvarela","tag-238","tag-covid-19","tag-deporte","et-has-post-format-content","et_post_format-et-post-format-standard"],"jetpack_featured_media_url":"http:\/\/unoyunodos.sareleku.com\/wp-content\/uploads\/Varela2023.jpg","jetpack_sharing_enabled":true,"_links":{"self":[{"href":"http:\/\/unoyunodos.sareleku.com\/index.php\/wp-json\/wp\/v2\/posts\/2819","targetHints":{"allow":["GET"]}}],"collection":[{"href":"http:\/\/unoyunodos.sareleku.com\/index.php\/wp-json\/wp\/v2\/posts"}],"about":[{"href":"http:\/\/unoyunodos.sareleku.com\/index.php\/wp-json\/wp\/v2\/types\/post"}],"author":[{"embeddable":true,"href":"http:\/\/unoyunodos.sareleku.com\/index.php\/wp-json\/wp\/v2\/users\/3"}],"replies":[{"embeddable":true,"href":"http:\/\/unoyunodos.sareleku.com\/index.php\/wp-json\/wp\/v2\/comments?post=2819"}],"version-history":[{"count":1,"href":"http:\/\/unoyunodos.sareleku.com\/index.php\/wp-json\/wp\/v2\/posts\/2819\/revisions"}],"predecessor-version":[{"id":2821,"href":"http:\/\/unoyunodos.sareleku.com\/index.php\/wp-json\/wp\/v2\/posts\/2819\/revisions\/2821"}],"wp:featuredmedia":[{"embeddable":true,"href":"http:\/\/unoyunodos.sareleku.com\/index.php\/wp-json\/wp\/v2\/media\/2820"}],"wp:attachment":[{"href":"http:\/\/unoyunodos.sareleku.com\/index.php\/wp-json\/wp\/v2\/media?parent=2819"}],"wp:term":[{"taxonomy":"category","embeddable":true,"href":"http:\/\/unoyunodos.sareleku.com\/index.php\/wp-json\/wp\/v2\/categories?post=2819"},{"taxonomy":"post_tag","embeddable":true,"href":"http:\/\/unoyunodos.sareleku.com\/index.php\/wp-json\/wp\/v2\/tags?post=2819"}],"curies":[{"name":"wp","href":"https:\/\/api.w.org\/{rel}","templated":true}]}}