{"id":2853,"date":"2020-10-31T22:40:13","date_gmt":"2020-10-31T21:40:13","guid":{"rendered":"http:\/\/unoyunodos.sareleku.com\/?p=2853"},"modified":"2020-10-31T22:40:19","modified_gmt":"2020-10-31T21:40:19","slug":"annus-horribilis","status":"publish","type":"post","link":"http:\/\/unoyunodos.sareleku.com\/index.php\/annus-horribilis\/","title":{"rendered":"Annus horribilis"},"content":{"rendered":"\n<figure class=\"wp-block-image size-large\"><img decoding=\"async\" width=\"1024\" height=\"768\" src=\"http:\/\/unoyunodos.sareleku.com\/wp-content\/uploads\/Varela2025-1024x768.jpg\" alt=\"\" class=\"wp-image-2854\" srcset=\"http:\/\/unoyunodos.sareleku.com\/wp-content\/uploads\/Varela2025-1024x768.jpg 1024w, http:\/\/unoyunodos.sareleku.com\/wp-content\/uploads\/Varela2025-300x225.jpg 300w, http:\/\/unoyunodos.sareleku.com\/wp-content\/uploads\/Varela2025-768x576.jpg 768w, http:\/\/unoyunodos.sareleku.com\/wp-content\/uploads\/Varela2025-1536x1152.jpg 1536w, http:\/\/unoyunodos.sareleku.com\/wp-content\/uploads\/Varela2025-1080x810.jpg 1080w, http:\/\/unoyunodos.sareleku.com\/wp-content\/uploads\/Varela2025.jpg 2000w\" sizes=\"(max-width: 1024px) 100vw, 1024px\" \/><\/figure>\n\n\n\n<p>Parafraseando a la Reina de la Gran Breta\u00f1a, llevo un a\u00f1o horrible.<\/p>\n<p style=\"text-align: justify\">Justo terminaba el invierno e iba a dar comienzo la primavera cuando nuestro polifac\u00e9tico ministro, el fil\u00f3sofo-sanitario, con esa voz de ultratumba me condenaba a un confinamiento cuaresmal; entonces el vocero del ministro: Don Sim\u00f3n; me dec\u00eda que no era necesario usar mascarilla, que bastaba con lavarse las manos, descalzarse al entrar en casa, mantener una aconsejable distancia con tu pr\u00f3jimo y quedarte en casa saliendo s\u00f3lo lo imprescindible para no morirte de hambre.<\/p>\n<p style=\"text-align: justify\">Lo contrario que ahora, que es obligatorio el uso de mascarilla, te puedes juntar con otros 5 m\u00e1s donde te d\u00e9 la gana y no quiere encerrarme. Y pas\u00f3 la primavera y me permitieron salir a la calle, no s\u00e9 si es que mi cuerpo ya se hab\u00eda habituado a pasar largas horas enclaustrado, que el primer d\u00eda de junio me acost\u00e9 febril; al d\u00eda siguiente me despert\u00e9 con la misma fiebre con la que me hab\u00eda acostado y telefone\u00e9 al m\u00e9dico. Me hicieron la PCR y dio negativo. Pero la fiebre segu\u00eda a mi lado el d\u00eda 3, y el 4; y el 5; y el 6; y mi m\u00e9dico se mosque\u00f3 y, por una vez, me dijo que quer\u00eda verme. Me recet\u00f3 antibi\u00f3ticos y me mando hacer an\u00e1lisis de sangre y de orina, otra PCR, electrocardiograma y ya no recuerdo cuantas cosas m\u00e1s. Todo por tel\u00e9fono.<\/p>\n<p style=\"text-align: justify\">Pero la fiebre segu\u00eda acost\u00e1ndose cada noche conmigo, el 7; el 8; el 9; el 10; el 11\u2026 as\u00ed hasta el d\u00eda 21 que se despidi\u00f3 y como hab\u00eda llegado, si avisar. se fue. Pero entonces me llamaron del Hospital y, de nuevo, muchas m\u00e1s pruebas, m\u00e1s sofisticadas, m\u00e1s m\u00e9dicos hasta que una ur\u00f3loga me dijo que cre\u00eda haber descubierto el origen de mis males: un c\u00e1ncer. Ingreso durante cuatro d\u00edas para una operaci\u00f3n y biopsia y vuelta a casa. Le citaremos cuando tengamos los resultados. Tres semanas despu\u00e9s una llamada muy escueta: no tiene c\u00e1ncer. Y hasta hoy.<\/p>\n<p style=\"text-align: justify\">Es curioso, siempre he sido un cobarde, pero es este proceso no he temido en ning\u00fan momento a la muerte que, me dec\u00edan, estaba llamando a mi puerta. Creo que seg\u00fan voy cumpliendo a\u00f1os me estoy familiarizando con ella. Antes ve\u00eda la muerte como alg\u00fan muy lejano, algo que les llegaba a otros, algo ajeno a m\u00ed, ahora s\u00e9 que est\u00e1 cada d\u00eda un poquito m\u00e1s cerca y que ya no vivir\u00e9 decenas de a\u00f1os, como hasta ahora he vivido, que con un poquito de suerte vivir\u00e9 hasta que alg\u00fan \u00e1rbol ca\u00eddo me corte el camino.<\/p>\n","protected":false},"excerpt":{"rendered":"<p>Parafraseando a la Reina de la Gran Breta\u00f1a, llevo un a\u00f1o horrible. Justo terminaba el invierno e iba a dar comienzo la primavera cuando nuestro polifac\u00e9tico ministro, el fil\u00f3sofo-sanitario, con esa voz de ultratumba me condenaba a un confinamiento cuaresmal; entonces el vocero del ministro: Don Sim\u00f3n; me dec\u00eda que no era necesario usar mascarilla, [&hellip;]<\/p>\n","protected":false},"author":3,"featured_media":2854,"comment_status":"open","ping_status":"open","sticky":false,"template":"","format":"standard","meta":{"_et_pb_use_builder":"off","_et_pb_old_content":"","_et_gb_content_width":"","_jetpack_memberships_contains_paid_content":false,"footnotes":""},"categories":[51],"tags":[],"class_list":["post-2853","post","type-post","status-publish","format-standard","has-post-thumbnail","hentry","category-joseramonvarela","et-has-post-format-content","et_post_format-et-post-format-standard"],"jetpack_featured_media_url":"http:\/\/unoyunodos.sareleku.com\/wp-content\/uploads\/Varela2025.jpg","jetpack_sharing_enabled":true,"_links":{"self":[{"href":"http:\/\/unoyunodos.sareleku.com\/index.php\/wp-json\/wp\/v2\/posts\/2853","targetHints":{"allow":["GET"]}}],"collection":[{"href":"http:\/\/unoyunodos.sareleku.com\/index.php\/wp-json\/wp\/v2\/posts"}],"about":[{"href":"http:\/\/unoyunodos.sareleku.com\/index.php\/wp-json\/wp\/v2\/types\/post"}],"author":[{"embeddable":true,"href":"http:\/\/unoyunodos.sareleku.com\/index.php\/wp-json\/wp\/v2\/users\/3"}],"replies":[{"embeddable":true,"href":"http:\/\/unoyunodos.sareleku.com\/index.php\/wp-json\/wp\/v2\/comments?post=2853"}],"version-history":[{"count":1,"href":"http:\/\/unoyunodos.sareleku.com\/index.php\/wp-json\/wp\/v2\/posts\/2853\/revisions"}],"predecessor-version":[{"id":2855,"href":"http:\/\/unoyunodos.sareleku.com\/index.php\/wp-json\/wp\/v2\/posts\/2853\/revisions\/2855"}],"wp:featuredmedia":[{"embeddable":true,"href":"http:\/\/unoyunodos.sareleku.com\/index.php\/wp-json\/wp\/v2\/media\/2854"}],"wp:attachment":[{"href":"http:\/\/unoyunodos.sareleku.com\/index.php\/wp-json\/wp\/v2\/media?parent=2853"}],"wp:term":[{"taxonomy":"category","embeddable":true,"href":"http:\/\/unoyunodos.sareleku.com\/index.php\/wp-json\/wp\/v2\/categories?post=2853"},{"taxonomy":"post_tag","embeddable":true,"href":"http:\/\/unoyunodos.sareleku.com\/index.php\/wp-json\/wp\/v2\/tags?post=2853"}],"curies":[{"name":"wp","href":"https:\/\/api.w.org\/{rel}","templated":true}]}}