{"id":2866,"date":"2020-11-15T14:27:36","date_gmt":"2020-11-15T13:27:36","guid":{"rendered":"http:\/\/unoyunodos.sareleku.com\/?p=2866"},"modified":"2020-11-15T14:27:42","modified_gmt":"2020-11-15T13:27:42","slug":"el-mar-la-mar","status":"publish","type":"post","link":"http:\/\/unoyunodos.sareleku.com\/index.php\/el-mar-la-mar\/","title":{"rendered":"El mar \/ La mar"},"content":{"rendered":"\n<figure class=\"wp-block-image size-large\"><img decoding=\"async\" width=\"851\" height=\"1024\" src=\"http:\/\/unoyunodos.sareleku.com\/wp-content\/uploads\/Varela2026-1-851x1024.jpg\" alt=\"\" class=\"wp-image-2868\" srcset=\"http:\/\/unoyunodos.sareleku.com\/wp-content\/uploads\/Varela2026-1-851x1024.jpg 851w, http:\/\/unoyunodos.sareleku.com\/wp-content\/uploads\/Varela2026-1-249x300.jpg 249w, http:\/\/unoyunodos.sareleku.com\/wp-content\/uploads\/Varela2026-1-768x924.jpg 768w, http:\/\/unoyunodos.sareleku.com\/wp-content\/uploads\/Varela2026-1-1277x1536.jpg 1277w, http:\/\/unoyunodos.sareleku.com\/wp-content\/uploads\/Varela2026-1-1080x1299.jpg 1080w, http:\/\/unoyunodos.sareleku.com\/wp-content\/uploads\/Varela2026-1.jpg 1663w\" sizes=\"(max-width: 851px) 100vw, 851px\" \/><\/figure>\n\n\n\n<p style=\"text-align: justify\">Hasta donde alcanza mi memoria familiar todos mis antepasados han vivido de la mar; algunos, incluso, han muerto en la mar. Y aunque no te lo creas, esa tradici\u00f3n familiar te marca, deja un poso inmaterial que te acompa\u00f1a de por vida. Cuando miro hacia atr\u00e1s recuerdo que siendo un joven inexperto, hasta dese\u00e9 navegar, pero gracias a Dios mi padre me lo impidi\u00f3.<\/p>\n<p style=\"text-align: justify\">Hace unos meses, lo recordar\u00e1s, fue por Pascua Florida, nuestros pol\u00edticos-sanitarios nos condenaron a vivir varias semanas confinados, sin salir a la calle nada m\u00e1s que para surtirnos de lo estrictamente necesario para sobrevivir, era cuando don Sim\u00f3n afirmaba en la televisi\u00f3n que las mascarillas NO eran necesarias. Ese encarcelamiento nos ofreci\u00f3 una ocasi\u00f3n irrepetible para reconocer nuestras debilidades; hubo quien saco sus ahorros de la libreta y los invirti\u00f3 en papel higi\u00e9nico; hubo otros que a\u00fan hoy les pesan las secuelas psicol\u00f3gicas por culpa del encierro; yo, analizando con perspectiva creo que lo que m\u00e1s eche en falta en esas semanas fue no poder ver el\/la mar.<\/p>\n<p style=\"text-align: justify\">Como sospecho que estos in\u00fatiles demagogos van a volver a encarcelarnos, ahora que a\u00fan puedo, cada d\u00eda me acerco a la ribera y paseo mis soledades por los malecones para embriagarme de ese olor salado de mar. Y cada d\u00eda en mi paseo utilizo mi c\u00e1mara de retratar y capto alguna imagen para atesorarla en mis archivos virtuales, as\u00ed cuando llegue el aciago momento en que nos recluyan podr\u00e9 seguir viendo la mar.<\/p>\n","protected":false},"excerpt":{"rendered":"<p>Hasta donde alcanza mi memoria familiar todos mis antepasados han vivido de la mar; algunos, incluso, han muerto en la mar. Y aunque no te lo creas, esa tradici\u00f3n familiar te marca, deja un poso inmaterial que te acompa\u00f1a de por vida. Cuando miro hacia atr\u00e1s recuerdo que siendo un joven inexperto, hasta dese\u00e9 navegar, [&hellip;]<\/p>\n","protected":false},"author":3,"featured_media":2868,"comment_status":"open","ping_status":"open","sticky":false,"template":"","format":"standard","meta":{"_et_pb_use_builder":"off","_et_pb_old_content":"","_et_gb_content_width":"","_jetpack_memberships_contains_paid_content":false,"footnotes":""},"categories":[51],"tags":[54],"class_list":["post-2866","post","type-post","status-publish","format-standard","has-post-thumbnail","hentry","category-joseramonvarela","tag-mar","et-has-post-format-content","et_post_format-et-post-format-standard"],"jetpack_featured_media_url":"http:\/\/unoyunodos.sareleku.com\/wp-content\/uploads\/Varela2026-1.jpg","jetpack_sharing_enabled":true,"_links":{"self":[{"href":"http:\/\/unoyunodos.sareleku.com\/index.php\/wp-json\/wp\/v2\/posts\/2866","targetHints":{"allow":["GET"]}}],"collection":[{"href":"http:\/\/unoyunodos.sareleku.com\/index.php\/wp-json\/wp\/v2\/posts"}],"about":[{"href":"http:\/\/unoyunodos.sareleku.com\/index.php\/wp-json\/wp\/v2\/types\/post"}],"author":[{"embeddable":true,"href":"http:\/\/unoyunodos.sareleku.com\/index.php\/wp-json\/wp\/v2\/users\/3"}],"replies":[{"embeddable":true,"href":"http:\/\/unoyunodos.sareleku.com\/index.php\/wp-json\/wp\/v2\/comments?post=2866"}],"version-history":[{"count":1,"href":"http:\/\/unoyunodos.sareleku.com\/index.php\/wp-json\/wp\/v2\/posts\/2866\/revisions"}],"predecessor-version":[{"id":2869,"href":"http:\/\/unoyunodos.sareleku.com\/index.php\/wp-json\/wp\/v2\/posts\/2866\/revisions\/2869"}],"wp:featuredmedia":[{"embeddable":true,"href":"http:\/\/unoyunodos.sareleku.com\/index.php\/wp-json\/wp\/v2\/media\/2868"}],"wp:attachment":[{"href":"http:\/\/unoyunodos.sareleku.com\/index.php\/wp-json\/wp\/v2\/media?parent=2866"}],"wp:term":[{"taxonomy":"category","embeddable":true,"href":"http:\/\/unoyunodos.sareleku.com\/index.php\/wp-json\/wp\/v2\/categories?post=2866"},{"taxonomy":"post_tag","embeddable":true,"href":"http:\/\/unoyunodos.sareleku.com\/index.php\/wp-json\/wp\/v2\/tags?post=2866"}],"curies":[{"name":"wp","href":"https:\/\/api.w.org\/{rel}","templated":true}]}}