{"id":2880,"date":"2020-12-05T22:55:37","date_gmt":"2020-12-05T21:55:37","guid":{"rendered":"http:\/\/unoyunodos.sareleku.com\/?p=2880"},"modified":"2020-12-05T22:55:43","modified_gmt":"2020-12-05T21:55:43","slug":"anoranza-del-verano","status":"publish","type":"post","link":"http:\/\/unoyunodos.sareleku.com\/index.php\/anoranza-del-verano\/","title":{"rendered":"A\u00f1oranza del verano"},"content":{"rendered":"\n\n\n<figure class=\"wp-block-image size-large is-style-rounded\"><img decoding=\"async\" width=\"1024\" height=\"576\" src=\"http:\/\/unoyunodos.sareleku.com\/wp-content\/uploads\/Anoranza-del-verano-1024x576.jpg\" alt=\"\" class=\"wp-image-2882\" srcset=\"http:\/\/unoyunodos.sareleku.com\/wp-content\/uploads\/Anoranza-del-verano-1024x576.jpg 1024w, http:\/\/unoyunodos.sareleku.com\/wp-content\/uploads\/Anoranza-del-verano-300x169.jpg 300w, http:\/\/unoyunodos.sareleku.com\/wp-content\/uploads\/Anoranza-del-verano-768x432.jpg 768w, http:\/\/unoyunodos.sareleku.com\/wp-content\/uploads\/Anoranza-del-verano-1080x608.jpg 1080w, http:\/\/unoyunodos.sareleku.com\/wp-content\/uploads\/Anoranza-del-verano.jpg 1200w\" sizes=\"(max-width: 1024px) 100vw, 1024px\" \/><\/figure>\n\n\n\n<p style=\"text-align: center\"><em>\u201cEl verano es la \u00e9poca del a\u00f1o en la que hace demasiado calor para hacer las cosas que no hac\u00edas en invierno porque hac\u00eda demasiado fr\u00edo.\u201d <\/em><\/p>\n<p style=\"text-align: right\"><strong>Mark Twain<\/strong><\/p>\n<p>\u00a0<\/p>\n<p style=\"text-align: justify\">Ahora que viene el invierno y hace fr\u00edo, echamos en falta\u00a0 lo que hicimos o no hicimos pero hubi\u00e9ramos podido hacerlo, en verano.\u00a0 Nuestro recuerdo est\u00e1 ya difuminado por el paso del tiempo. Y una patina de pintura desdibuja nuestros recuerdos cubri\u00e9ndolos de a\u00f1oranza aunque quiz\u00e1s no hubieran pasado realmente.\u00a0<\/p>\n<p style=\"text-align: justify\">Nuestros recuerdos son pinturas, no fotograf\u00edas.<\/p>\n","protected":false},"excerpt":{"rendered":"<p>\u201cEl verano es la \u00e9poca del a\u00f1o en la que hace demasiado calor para hacer las cosas que no hac\u00edas en invierno porque hac\u00eda demasiado fr\u00edo.\u201d Mark Twain \u00a0 Ahora que viene el invierno y hace fr\u00edo, echamos en falta\u00a0 lo que hicimos o no hicimos pero hubi\u00e9ramos podido hacerlo, en verano.\u00a0 Nuestro recuerdo est\u00e1 [&hellip;]<\/p>\n","protected":false},"author":2,"featured_media":2882,"comment_status":"open","ping_status":"open","sticky":false,"template":"","format":"standard","meta":{"_et_pb_use_builder":"off","_et_pb_old_content":"","_et_gb_content_width":"","_jetpack_memberships_contains_paid_content":false,"footnotes":""},"categories":[50],"tags":[238,206,65,66,284,283],"class_list":["post-2880","post","type-post","status-publish","format-standard","has-post-thumbnail","hentry","category-luismartinez","tag-238","tag-donostia","tag-la-concha","tag-playa","tag-san-sebastian","tag-verano","et-has-post-format-content","et_post_format-et-post-format-standard"],"jetpack_featured_media_url":"http:\/\/unoyunodos.sareleku.com\/wp-content\/uploads\/Anoranza-del-verano.jpg","jetpack_sharing_enabled":true,"_links":{"self":[{"href":"http:\/\/unoyunodos.sareleku.com\/index.php\/wp-json\/wp\/v2\/posts\/2880","targetHints":{"allow":["GET"]}}],"collection":[{"href":"http:\/\/unoyunodos.sareleku.com\/index.php\/wp-json\/wp\/v2\/posts"}],"about":[{"href":"http:\/\/unoyunodos.sareleku.com\/index.php\/wp-json\/wp\/v2\/types\/post"}],"author":[{"embeddable":true,"href":"http:\/\/unoyunodos.sareleku.com\/index.php\/wp-json\/wp\/v2\/users\/2"}],"replies":[{"embeddable":true,"href":"http:\/\/unoyunodos.sareleku.com\/index.php\/wp-json\/wp\/v2\/comments?post=2880"}],"version-history":[{"count":2,"href":"http:\/\/unoyunodos.sareleku.com\/index.php\/wp-json\/wp\/v2\/posts\/2880\/revisions"}],"predecessor-version":[{"id":2883,"href":"http:\/\/unoyunodos.sareleku.com\/index.php\/wp-json\/wp\/v2\/posts\/2880\/revisions\/2883"}],"wp:featuredmedia":[{"embeddable":true,"href":"http:\/\/unoyunodos.sareleku.com\/index.php\/wp-json\/wp\/v2\/media\/2882"}],"wp:attachment":[{"href":"http:\/\/unoyunodos.sareleku.com\/index.php\/wp-json\/wp\/v2\/media?parent=2880"}],"wp:term":[{"taxonomy":"category","embeddable":true,"href":"http:\/\/unoyunodos.sareleku.com\/index.php\/wp-json\/wp\/v2\/categories?post=2880"},{"taxonomy":"post_tag","embeddable":true,"href":"http:\/\/unoyunodos.sareleku.com\/index.php\/wp-json\/wp\/v2\/tags?post=2880"}],"curies":[{"name":"wp","href":"https:\/\/api.w.org\/{rel}","templated":true}]}}