{"id":3026,"date":"2021-05-30T22:31:20","date_gmt":"2021-05-30T20:31:20","guid":{"rendered":"http:\/\/unoyunodos.sareleku.com\/?p=3026"},"modified":"2021-05-30T22:31:25","modified_gmt":"2021-05-30T20:31:25","slug":"racismo","status":"publish","type":"post","link":"http:\/\/unoyunodos.sareleku.com\/index.php\/racismo\/","title":{"rendered":"Racismo"},"content":{"rendered":"\n<figure class=\"wp-block-image size-large\"><img decoding=\"async\" width=\"1024\" height=\"703\" src=\"http:\/\/unoyunodos.sareleku.com\/wp-content\/uploads\/Varela2021-11-1024x703.jpg\" alt=\"\" class=\"wp-image-3027\" srcset=\"http:\/\/unoyunodos.sareleku.com\/wp-content\/uploads\/Varela2021-11-1024x703.jpg 1024w, http:\/\/unoyunodos.sareleku.com\/wp-content\/uploads\/Varela2021-11-300x206.jpg 300w, http:\/\/unoyunodos.sareleku.com\/wp-content\/uploads\/Varela2021-11-768x527.jpg 768w, http:\/\/unoyunodos.sareleku.com\/wp-content\/uploads\/Varela2021-11-1536x1054.jpg 1536w, http:\/\/unoyunodos.sareleku.com\/wp-content\/uploads\/Varela2021-11-2048x1406.jpg 2048w, http:\/\/unoyunodos.sareleku.com\/wp-content\/uploads\/Varela2021-11-1080x741.jpg 1080w\" sizes=\"(max-width: 1024px) 100vw, 1024px\" \/><\/figure>\n\n\n\n<p style=\"text-align: justify\">Yo nac\u00ed y me crie en un barrio obrero, o mejor, marinero. La gran mayor\u00eda de los vecinos de aquel barrio eran venidos de fuera, en concreto, de Galicia y se conoc\u00eda, entonces, aquel barrio como la quinta provincia gallega.<\/p>\n<p style=\"text-align: justify\">Recuerdo como cuando sal\u00edamos del barrio hab\u00eda xen\u00f3fobos que en tono peyorativo nos llamaban \u201cgallegos\u201d. Con el tiempo otras oleadas de obreros llegaron a otros barrios, eran extreme\u00f1os y sin que nosotros, ni ellos, hici\u00e9ramos nada, las fobias de los racistas cambiaron, dejaron de perseguirnos a los gallegos y se centraron en los que ellos llamaban cacere\u00f1os (aunque fueran de Badajoz) o, incluso, cosas peores: manchurianos, coreanos\u2026<\/p>\n<p style=\"text-align: justify\">Pero la Historia no se detiene y con el tiempo, arribaron otros obreros, o marineros, venido de un poco m\u00e1s lejos, los portugueses y fueron ahora estos los destinatarios de las miradas de reproche y los comentarios desafortunados. Pero la vida contin\u00faa y llegaron los latinos y se convirtieron estos en los nuevos parias y los sectarios los bautizaron como sudacas, aunque fueran de Centro o Norteam\u00e9rica,<\/p>\n<p style=\"text-align: justify\">Con los asi\u00e1ticos, bautizados todos como chinos, curiosamente siendo la comunidad que m\u00e1s aislada se ha mantenido, han sido, por el contrario, los menos despreciados. As\u00ed el testigo, como en una carrera de relevos, nos lo hemos ido pasando unos a otros, siendo los \u00faltimos en llegar los que se llevan la peor parte.<\/p>\n<p style=\"text-align: justify\">Los europeos, salvo los rumanos, han salido bastante bien parados y no han sufrido las iras de los fan\u00e1ticos integristas. En los \u00faltimos a\u00f1os dos comunidades son la diana de los recalcitrantes racistas: los subsaharianos y los magreb\u00edes. Estas dos comunidades tienen rasgos de f\u00e1cil identificaci\u00f3n, los unos tienen la piel negra y los otros debido a los preceptos de su religi\u00f3n, utilizan, sobre todo ellas, unas vestimentas que las tipifican. Y, obviamente, aqu\u00ed y ahora, son el blanco perfecto para los ataques de los xen\u00f3fobos.<\/p>\n<p style=\"text-align: justify\">Siempre hemos o\u00eddo que el racismo era cosa de gringos, de n\u00f3rdicos, de\u2026 todos menos de nosotros. Aqu\u00ed todo el mundo dice; yo no soy racista, pero\u2026 Y es, precisamente, ese \u201cpero\u201d el que define nuestros prejuicios. Hoy Trintxerpe ya no es la quinta provincia gallega, es un crisol de razas, de culturas, de tolerancia y, entre otras muchas cosas, es una de las razones que me hacen sentir orgulloso de ser trintxerpetarra.<\/p>\n","protected":false},"excerpt":{"rendered":"<p>Yo nac\u00ed y me crie en un barrio obrero, o mejor, marinero. La gran mayor\u00eda de los vecinos de aquel barrio eran venidos de fuera, en concreto, de Galicia y se conoc\u00eda, entonces, aquel barrio como la quinta provincia gallega. Recuerdo como cuando sal\u00edamos del barrio hab\u00eda xen\u00f3fobos que en tono peyorativo nos llamaban \u201cgallegos\u201d. [&hellip;]<\/p>\n","protected":false},"author":3,"featured_media":3027,"comment_status":"open","ping_status":"open","sticky":false,"template":"","format":"standard","meta":{"_et_pb_use_builder":"off","_et_pb_old_content":"","_et_gb_content_width":"","_jetpack_memberships_contains_paid_content":false,"footnotes":""},"categories":[51],"tags":[],"class_list":["post-3026","post","type-post","status-publish","format-standard","has-post-thumbnail","hentry","category-joseramonvarela","et-has-post-format-content","et_post_format-et-post-format-standard"],"jetpack_featured_media_url":"http:\/\/unoyunodos.sareleku.com\/wp-content\/uploads\/Varela2021-11-scaled.jpg","jetpack_sharing_enabled":true,"_links":{"self":[{"href":"http:\/\/unoyunodos.sareleku.com\/index.php\/wp-json\/wp\/v2\/posts\/3026","targetHints":{"allow":["GET"]}}],"collection":[{"href":"http:\/\/unoyunodos.sareleku.com\/index.php\/wp-json\/wp\/v2\/posts"}],"about":[{"href":"http:\/\/unoyunodos.sareleku.com\/index.php\/wp-json\/wp\/v2\/types\/post"}],"author":[{"embeddable":true,"href":"http:\/\/unoyunodos.sareleku.com\/index.php\/wp-json\/wp\/v2\/users\/3"}],"replies":[{"embeddable":true,"href":"http:\/\/unoyunodos.sareleku.com\/index.php\/wp-json\/wp\/v2\/comments?post=3026"}],"version-history":[{"count":1,"href":"http:\/\/unoyunodos.sareleku.com\/index.php\/wp-json\/wp\/v2\/posts\/3026\/revisions"}],"predecessor-version":[{"id":3028,"href":"http:\/\/unoyunodos.sareleku.com\/index.php\/wp-json\/wp\/v2\/posts\/3026\/revisions\/3028"}],"wp:featuredmedia":[{"embeddable":true,"href":"http:\/\/unoyunodos.sareleku.com\/index.php\/wp-json\/wp\/v2\/media\/3027"}],"wp:attachment":[{"href":"http:\/\/unoyunodos.sareleku.com\/index.php\/wp-json\/wp\/v2\/media?parent=3026"}],"wp:term":[{"taxonomy":"category","embeddable":true,"href":"http:\/\/unoyunodos.sareleku.com\/index.php\/wp-json\/wp\/v2\/categories?post=3026"},{"taxonomy":"post_tag","embeddable":true,"href":"http:\/\/unoyunodos.sareleku.com\/index.php\/wp-json\/wp\/v2\/tags?post=3026"}],"curies":[{"name":"wp","href":"https:\/\/api.w.org\/{rel}","templated":true}]}}