{"id":3098,"date":"2021-08-27T09:19:36","date_gmt":"2021-08-27T07:19:36","guid":{"rendered":"http:\/\/unoyunodos.sareleku.com\/?p=3098"},"modified":"2021-08-27T09:19:42","modified_gmt":"2021-08-27T07:19:42","slug":"efecto-invernadero","status":"publish","type":"post","link":"http:\/\/unoyunodos.sareleku.com\/index.php\/efecto-invernadero\/","title":{"rendered":"Efecto invernadero"},"content":{"rendered":"\n<figure class=\"wp-block-image size-large\"><img decoding=\"async\" width=\"1024\" height=\"605\" src=\"http:\/\/unoyunodos.sareleku.com\/wp-content\/uploads\/Varela2021-17-1024x605.jpg\" alt=\"\" class=\"wp-image-3099\" srcset=\"http:\/\/unoyunodos.sareleku.com\/wp-content\/uploads\/Varela2021-17-1024x605.jpg 1024w, http:\/\/unoyunodos.sareleku.com\/wp-content\/uploads\/Varela2021-17-300x177.jpg 300w, http:\/\/unoyunodos.sareleku.com\/wp-content\/uploads\/Varela2021-17-768x454.jpg 768w, http:\/\/unoyunodos.sareleku.com\/wp-content\/uploads\/Varela2021-17-1536x908.jpg 1536w, http:\/\/unoyunodos.sareleku.com\/wp-content\/uploads\/Varela2021-17-2048x1210.jpg 2048w, http:\/\/unoyunodos.sareleku.com\/wp-content\/uploads\/Varela2021-17-1080x638.jpg 1080w\" sizes=\"(max-width: 1024px) 100vw, 1024px\" \/><\/figure>\n\n\n\n<p style=\"text-align: justify\">Esta semana publicaba un diario local que, desde hace casi un siglo (1928), nuestra aldea, no hab\u00eda tenido un mes de agosto con temperaturas tan bajas. Desde que he le\u00eddo la noticia estoy muy preocupado y no puedo conciliar el sue\u00f1o. Un sentimiento de culpa corroe mi conciencia. Mi vecino del segundo B, el ecologista, en innumerables ocasiones me ha acusado de ser yo, por fumador, junto con los pedos de las vacas los causantes del llamado efecto invernadero. Tanto me lo ha repetido y tal era mi preocupaci\u00f3n y mi zozobra de conciencia que, el mes de julio, arrepentido, decid\u00ed dejar de fumar. Ha bastado un mes desde que yo dejara de emitir humos cancer\u00edgenos para que las temperaturas se desplomaran\u2026<\/p>\n","protected":false},"excerpt":{"rendered":"<p>Esta semana publicaba un diario local que, desde hace casi un siglo (1928), nuestra aldea, no hab\u00eda tenido un mes de agosto con temperaturas tan bajas. Desde que he le\u00eddo la noticia estoy muy preocupado y no puedo conciliar el sue\u00f1o. Un sentimiento de culpa corroe mi conciencia. Mi vecino del segundo B, el ecologista, [&hellip;]<\/p>\n","protected":false},"author":3,"featured_media":3099,"comment_status":"open","ping_status":"open","sticky":false,"template":"","format":"standard","meta":{"_et_pb_use_builder":"off","_et_pb_old_content":"","_et_gb_content_width":"","_jetpack_memberships_contains_paid_content":false,"footnotes":""},"categories":[51],"tags":[289,301],"class_list":["post-3098","post","type-post","status-publish","format-standard","has-post-thumbnail","hentry","category-joseramonvarela","tag-289","tag-bosque","et-has-post-format-content","et_post_format-et-post-format-standard"],"jetpack_featured_media_url":"http:\/\/unoyunodos.sareleku.com\/wp-content\/uploads\/Varela2021-17-scaled.jpg","jetpack_sharing_enabled":true,"_links":{"self":[{"href":"http:\/\/unoyunodos.sareleku.com\/index.php\/wp-json\/wp\/v2\/posts\/3098","targetHints":{"allow":["GET"]}}],"collection":[{"href":"http:\/\/unoyunodos.sareleku.com\/index.php\/wp-json\/wp\/v2\/posts"}],"about":[{"href":"http:\/\/unoyunodos.sareleku.com\/index.php\/wp-json\/wp\/v2\/types\/post"}],"author":[{"embeddable":true,"href":"http:\/\/unoyunodos.sareleku.com\/index.php\/wp-json\/wp\/v2\/users\/3"}],"replies":[{"embeddable":true,"href":"http:\/\/unoyunodos.sareleku.com\/index.php\/wp-json\/wp\/v2\/comments?post=3098"}],"version-history":[{"count":1,"href":"http:\/\/unoyunodos.sareleku.com\/index.php\/wp-json\/wp\/v2\/posts\/3098\/revisions"}],"predecessor-version":[{"id":3100,"href":"http:\/\/unoyunodos.sareleku.com\/index.php\/wp-json\/wp\/v2\/posts\/3098\/revisions\/3100"}],"wp:featuredmedia":[{"embeddable":true,"href":"http:\/\/unoyunodos.sareleku.com\/index.php\/wp-json\/wp\/v2\/media\/3099"}],"wp:attachment":[{"href":"http:\/\/unoyunodos.sareleku.com\/index.php\/wp-json\/wp\/v2\/media?parent=3098"}],"wp:term":[{"taxonomy":"category","embeddable":true,"href":"http:\/\/unoyunodos.sareleku.com\/index.php\/wp-json\/wp\/v2\/categories?post=3098"},{"taxonomy":"post_tag","embeddable":true,"href":"http:\/\/unoyunodos.sareleku.com\/index.php\/wp-json\/wp\/v2\/tags?post=3098"}],"curies":[{"name":"wp","href":"https:\/\/api.w.org\/{rel}","templated":true}]}}