{"id":3289,"date":"2022-04-04T11:11:31","date_gmt":"2022-04-04T09:11:31","guid":{"rendered":"http:\/\/unoyunodos.sareleku.com\/?p=3289"},"modified":"2022-04-04T11:11:34","modified_gmt":"2022-04-04T09:11:34","slug":"efimera-primavera","status":"publish","type":"post","link":"http:\/\/unoyunodos.sareleku.com\/index.php\/efimera-primavera\/","title":{"rendered":"EF\u00cdMERA PRIMAVERA"},"content":{"rendered":"\n<figure class=\"wp-block-image size-large\"><img decoding=\"async\" width=\"1024\" height=\"695\" src=\"http:\/\/unoyunodos.sareleku.com\/wp-content\/uploads\/Varela2022-07-2-1024x695.jpg\" alt=\"\" class=\"wp-image-3290\" srcset=\"http:\/\/unoyunodos.sareleku.com\/wp-content\/uploads\/Varela2022-07-2-1024x695.jpg 1024w, http:\/\/unoyunodos.sareleku.com\/wp-content\/uploads\/Varela2022-07-2-300x204.jpg 300w, http:\/\/unoyunodos.sareleku.com\/wp-content\/uploads\/Varela2022-07-2-768x521.jpg 768w, http:\/\/unoyunodos.sareleku.com\/wp-content\/uploads\/Varela2022-07-2-1080x733.jpg 1080w, http:\/\/unoyunodos.sareleku.com\/wp-content\/uploads\/Varela2022-07-2.jpg 1400w\" sizes=\"(max-width: 1024px) 100vw, 1024px\" \/><\/figure>\n\n\n\n<p>Leo en al prensa de hoy que los jardines floridos de Narcisos en el Paseo de Francia ya se han marchitado. Ahora van a proceder a su poda para que crezca de nuevo el c\u00e9sped que nutrir\u00e1 a los bulbos para que, de nuevo, florezcan en la pr\u00f3xima primavera.<\/p>\n","protected":false},"excerpt":{"rendered":"<p>Leo en al prensa de hoy que los jardines floridos de Narcisos en el Paseo de Francia ya se han marchitado. Ahora van a proceder a su poda para que crezca de nuevo el c\u00e9sped que nutrir\u00e1 a los bulbos para que, de nuevo, florezcan en la pr\u00f3xima primavera.<\/p>\n","protected":false},"author":3,"featured_media":3290,"comment_status":"open","ping_status":"open","sticky":false,"template":"","format":"standard","meta":{"_et_pb_use_builder":"off","_et_pb_old_content":"","_et_gb_content_width":"","_jetpack_memberships_contains_paid_content":false,"footnotes":""},"categories":[51],"tags":[],"class_list":["post-3289","post","type-post","status-publish","format-standard","has-post-thumbnail","hentry","category-joseramonvarela","et-has-post-format-content","et_post_format-et-post-format-standard"],"jetpack_featured_media_url":"http:\/\/unoyunodos.sareleku.com\/wp-content\/uploads\/Varela2022-07-2.jpg","jetpack_sharing_enabled":true,"_links":{"self":[{"href":"http:\/\/unoyunodos.sareleku.com\/index.php\/wp-json\/wp\/v2\/posts\/3289","targetHints":{"allow":["GET"]}}],"collection":[{"href":"http:\/\/unoyunodos.sareleku.com\/index.php\/wp-json\/wp\/v2\/posts"}],"about":[{"href":"http:\/\/unoyunodos.sareleku.com\/index.php\/wp-json\/wp\/v2\/types\/post"}],"author":[{"embeddable":true,"href":"http:\/\/unoyunodos.sareleku.com\/index.php\/wp-json\/wp\/v2\/users\/3"}],"replies":[{"embeddable":true,"href":"http:\/\/unoyunodos.sareleku.com\/index.php\/wp-json\/wp\/v2\/comments?post=3289"}],"version-history":[{"count":1,"href":"http:\/\/unoyunodos.sareleku.com\/index.php\/wp-json\/wp\/v2\/posts\/3289\/revisions"}],"predecessor-version":[{"id":3291,"href":"http:\/\/unoyunodos.sareleku.com\/index.php\/wp-json\/wp\/v2\/posts\/3289\/revisions\/3291"}],"wp:featuredmedia":[{"embeddable":true,"href":"http:\/\/unoyunodos.sareleku.com\/index.php\/wp-json\/wp\/v2\/media\/3290"}],"wp:attachment":[{"href":"http:\/\/unoyunodos.sareleku.com\/index.php\/wp-json\/wp\/v2\/media?parent=3289"}],"wp:term":[{"taxonomy":"category","embeddable":true,"href":"http:\/\/unoyunodos.sareleku.com\/index.php\/wp-json\/wp\/v2\/categories?post=3289"},{"taxonomy":"post_tag","embeddable":true,"href":"http:\/\/unoyunodos.sareleku.com\/index.php\/wp-json\/wp\/v2\/tags?post=3289"}],"curies":[{"name":"wp","href":"https:\/\/api.w.org\/{rel}","templated":true}]}}