{"id":3472,"date":"2022-10-30T21:22:24","date_gmt":"2022-10-30T20:22:24","guid":{"rendered":"http:\/\/unoyunodos.sareleku.com\/?p=3472"},"modified":"2022-10-30T21:22:31","modified_gmt":"2022-10-30T20:22:31","slug":"samain","status":"publish","type":"post","link":"http:\/\/unoyunodos.sareleku.com\/index.php\/samain\/","title":{"rendered":"Sama\u00edn"},"content":{"rendered":"\n<figure class=\"wp-block-image size-large\"><img decoding=\"async\" width=\"1024\" height=\"943\" src=\"http:\/\/unoyunodos.sareleku.com\/wp-content\/uploads\/Varela2022-20-2-1024x943.jpg\" alt=\"\" class=\"wp-image-3473\" srcset=\"http:\/\/unoyunodos.sareleku.com\/wp-content\/uploads\/Varela2022-20-2-1024x943.jpg 1024w, http:\/\/unoyunodos.sareleku.com\/wp-content\/uploads\/Varela2022-20-2-300x276.jpg 300w, http:\/\/unoyunodos.sareleku.com\/wp-content\/uploads\/Varela2022-20-2-768x707.jpg 768w, http:\/\/unoyunodos.sareleku.com\/wp-content\/uploads\/Varela2022-20-2-1536x1414.jpg 1536w, http:\/\/unoyunodos.sareleku.com\/wp-content\/uploads\/Varela2022-20-2-2048x1886.jpg 2048w, http:\/\/unoyunodos.sareleku.com\/wp-content\/uploads\/Varela2022-20-2-1080x994.jpg 1080w\" sizes=\"(max-width: 1024px) 100vw, 1024px\" \/><\/figure>\n\n\n\n<p>Como todos los a\u00f1os por estas fechas, de nuevo volvemos a experimentar la incapacidad de nuestros pol\u00edticos, o deber\u00eda decir, la incapacidad que tenemos la ciudadan\u00eda a la hora de elegir a nuestros representantes; y una vez m\u00e1s nos obligan a cambiar de horario, imagino que para mayor gloria, y beneficio, de las Compa\u00f1\u00edas El\u00e9ctricas que aseguran una buena vejez para nuestros m\u00e1s egregios pol\u00edticos.<\/p>\n<p>Me pregunto si esta coincidencia entre el cambio de horario y la fiesta de los muertos del Sama\u00edn (Jalloveen para los que desconocen nuestra historia y se dejan embaucar por la de los gringos), no ser\u00e1 una simple coincidencia y algo habr\u00e1 entre la muerte y los continuos cambios de horarios.<\/p>\n<p>Es cuando menos sospechoso que estos pol\u00edticos nuestros tan aficionados a desenterrar muertos, cambiar el nombre de calles, pueblos y ciudades para borrar el pasado fascista de nuestro pa\u00eds, no haya ni uno solo que pida anular el decreto de cambio de hora que en 1940 el Dictador desenterrado nos impuso para agradar al l\u00edder alem\u00e1n Hitler y que, lo m\u00e1s l\u00f3gico, volvamos a nuestros horario solar, el horario por el que se rigen todos los seres vivos: animales, plantes y humanos, salvo los espa\u00f1oles que gracias a Franco y a nuestros actuales pol\u00edticos vivimos una hora adelantados en invierno y dos en verano.<\/p>\n","protected":false},"excerpt":{"rendered":"<p>Como todos los a\u00f1os por estas fechas, de nuevo volvemos a experimentar la incapacidad de nuestros pol\u00edticos, o deber\u00eda decir, la incapacidad que tenemos la ciudadan\u00eda a la hora de elegir a nuestros representantes; y una vez m\u00e1s nos obligan a cambiar de horario, imagino que para mayor gloria, y beneficio, de las Compa\u00f1\u00edas El\u00e9ctricas [&hellip;]<\/p>\n","protected":false},"author":3,"featured_media":3473,"comment_status":"open","ping_status":"open","sticky":false,"template":"","format":"standard","meta":{"_et_pb_use_builder":"off","_et_pb_old_content":"","_et_gb_content_width":"","_jetpack_memberships_contains_paid_content":false,"footnotes":""},"categories":[51],"tags":[310],"class_list":["post-3472","post","type-post","status-publish","format-standard","has-post-thumbnail","hentry","category-joseramonvarela","tag-310","et-has-post-format-content","et_post_format-et-post-format-standard"],"jetpack_featured_media_url":"http:\/\/unoyunodos.sareleku.com\/wp-content\/uploads\/Varela2022-20-2-scaled.jpg","jetpack_sharing_enabled":true,"_links":{"self":[{"href":"http:\/\/unoyunodos.sareleku.com\/index.php\/wp-json\/wp\/v2\/posts\/3472","targetHints":{"allow":["GET"]}}],"collection":[{"href":"http:\/\/unoyunodos.sareleku.com\/index.php\/wp-json\/wp\/v2\/posts"}],"about":[{"href":"http:\/\/unoyunodos.sareleku.com\/index.php\/wp-json\/wp\/v2\/types\/post"}],"author":[{"embeddable":true,"href":"http:\/\/unoyunodos.sareleku.com\/index.php\/wp-json\/wp\/v2\/users\/3"}],"replies":[{"embeddable":true,"href":"http:\/\/unoyunodos.sareleku.com\/index.php\/wp-json\/wp\/v2\/comments?post=3472"}],"version-history":[{"count":1,"href":"http:\/\/unoyunodos.sareleku.com\/index.php\/wp-json\/wp\/v2\/posts\/3472\/revisions"}],"predecessor-version":[{"id":3474,"href":"http:\/\/unoyunodos.sareleku.com\/index.php\/wp-json\/wp\/v2\/posts\/3472\/revisions\/3474"}],"wp:featuredmedia":[{"embeddable":true,"href":"http:\/\/unoyunodos.sareleku.com\/index.php\/wp-json\/wp\/v2\/media\/3473"}],"wp:attachment":[{"href":"http:\/\/unoyunodos.sareleku.com\/index.php\/wp-json\/wp\/v2\/media?parent=3472"}],"wp:term":[{"taxonomy":"category","embeddable":true,"href":"http:\/\/unoyunodos.sareleku.com\/index.php\/wp-json\/wp\/v2\/categories?post=3472"},{"taxonomy":"post_tag","embeddable":true,"href":"http:\/\/unoyunodos.sareleku.com\/index.php\/wp-json\/wp\/v2\/tags?post=3472"}],"curies":[{"name":"wp","href":"https:\/\/api.w.org\/{rel}","templated":true}]}}