{"id":3716,"date":"2023-10-07T17:14:02","date_gmt":"2023-10-07T15:14:02","guid":{"rendered":"http:\/\/unoyunodos.sareleku.com\/?p=3716"},"modified":"2023-10-07T17:16:31","modified_gmt":"2023-10-07T15:16:31","slug":"este-otono-es-como-verano","status":"publish","type":"post","link":"http:\/\/unoyunodos.sareleku.com\/index.php\/este-otono-es-como-verano\/","title":{"rendered":"Este oto\u00f1o es como verano"},"content":{"rendered":"\n<figure class=\"wp-block-image size-large\"><img decoding=\"async\" width=\"1024\" height=\"683\" src=\"http:\/\/unoyunodos.sareleku.com\/wp-content\/uploads\/Este-otono-es-como-verano-1024x683.jpg\" alt=\"\" class=\"wp-image-3717\" srcset=\"http:\/\/unoyunodos.sareleku.com\/wp-content\/uploads\/Este-otono-es-como-verano-1024x683.jpg 1024w, http:\/\/unoyunodos.sareleku.com\/wp-content\/uploads\/Este-otono-es-como-verano-300x200.jpg 300w, http:\/\/unoyunodos.sareleku.com\/wp-content\/uploads\/Este-otono-es-como-verano-768x512.jpg 768w, http:\/\/unoyunodos.sareleku.com\/wp-content\/uploads\/Este-otono-es-como-verano-1536x1024.jpg 1536w, http:\/\/unoyunodos.sareleku.com\/wp-content\/uploads\/Este-otono-es-como-verano-1080x720.jpg 1080w, http:\/\/unoyunodos.sareleku.com\/wp-content\/uploads\/Este-otono-es-como-verano.jpg 1600w\" sizes=\"(max-width: 1024px) 100vw, 1024px\" \/><\/figure>\n\n\n\n<p>El final de verano ha sido caluroso y estable en el \u00bfbuen? tiempo. Finaliz\u00f3 septiembre (ya oto\u00f1o) con la misma t\u00f3nica y octubre lleva el mismo camino. En las playas ya se permiten los perros y hay menos gente, pero todav\u00eda muchos disfrutan de este verano alargado tumbados al sol. \u00bfHasta cuando el tiempo y el cambio clim\u00e1tico nos dejar\u00e1n disfrutar?<\/p>\n","protected":false},"excerpt":{"rendered":"<p>El final de verano ha sido caluroso y estable en el \u00bfbuen? tiempo. Finaliz\u00f3 septiembre (ya oto\u00f1o) con la misma t\u00f3nica y octubre lleva el mismo camino. En las playas ya se permiten los perros y hay menos gente, pero todav\u00eda muchos disfrutan de este verano alargado tumbados al sol. \u00bfHasta cuando el tiempo y [&hellip;]<\/p>\n","protected":false},"author":2,"featured_media":3717,"comment_status":"open","ping_status":"open","sticky":false,"template":"","format":"standard","meta":{"_et_pb_use_builder":"off","_et_pb_old_content":"","_et_gb_content_width":"","_jetpack_memberships_contains_paid_content":false,"footnotes":""},"categories":[50],"tags":[345,206,65],"class_list":["post-3716","post","type-post","status-publish","format-standard","has-post-thumbnail","hentry","category-luismartinez","tag-345","tag-donostia","tag-la-concha","et-has-post-format-content","et_post_format-et-post-format-standard"],"jetpack_featured_media_url":"http:\/\/unoyunodos.sareleku.com\/wp-content\/uploads\/Este-otono-es-como-verano.jpg","jetpack_sharing_enabled":true,"_links":{"self":[{"href":"http:\/\/unoyunodos.sareleku.com\/index.php\/wp-json\/wp\/v2\/posts\/3716","targetHints":{"allow":["GET"]}}],"collection":[{"href":"http:\/\/unoyunodos.sareleku.com\/index.php\/wp-json\/wp\/v2\/posts"}],"about":[{"href":"http:\/\/unoyunodos.sareleku.com\/index.php\/wp-json\/wp\/v2\/types\/post"}],"author":[{"embeddable":true,"href":"http:\/\/unoyunodos.sareleku.com\/index.php\/wp-json\/wp\/v2\/users\/2"}],"replies":[{"embeddable":true,"href":"http:\/\/unoyunodos.sareleku.com\/index.php\/wp-json\/wp\/v2\/comments?post=3716"}],"version-history":[{"count":1,"href":"http:\/\/unoyunodos.sareleku.com\/index.php\/wp-json\/wp\/v2\/posts\/3716\/revisions"}],"predecessor-version":[{"id":3718,"href":"http:\/\/unoyunodos.sareleku.com\/index.php\/wp-json\/wp\/v2\/posts\/3716\/revisions\/3718"}],"wp:featuredmedia":[{"embeddable":true,"href":"http:\/\/unoyunodos.sareleku.com\/index.php\/wp-json\/wp\/v2\/media\/3717"}],"wp:attachment":[{"href":"http:\/\/unoyunodos.sareleku.com\/index.php\/wp-json\/wp\/v2\/media?parent=3716"}],"wp:term":[{"taxonomy":"category","embeddable":true,"href":"http:\/\/unoyunodos.sareleku.com\/index.php\/wp-json\/wp\/v2\/categories?post=3716"},{"taxonomy":"post_tag","embeddable":true,"href":"http:\/\/unoyunodos.sareleku.com\/index.php\/wp-json\/wp\/v2\/tags?post=3716"}],"curies":[{"name":"wp","href":"https:\/\/api.w.org\/{rel}","templated":true}]}}