{"id":3941,"date":"2024-08-24T09:59:26","date_gmt":"2024-08-24T07:59:26","guid":{"rendered":"http:\/\/unoyunodos.sareleku.com\/?p=3941"},"modified":"2024-08-24T09:59:38","modified_gmt":"2024-08-24T07:59:38","slug":"el-invierno-es-una-estacion","status":"publish","type":"post","link":"http:\/\/unoyunodos.sareleku.com\/index.php\/el-invierno-es-una-estacion\/","title":{"rendered":"El invierno es una estaci\u00f3n"},"content":{"rendered":"\n<figure class=\"wp-block-image size-large\"><img decoding=\"async\" width=\"1024\" height=\"576\" src=\"http:\/\/unoyunodos.sareleku.com\/wp-content\/uploads\/El-invierno-es-una-estacion-1024x576.jpg\" alt=\"\" class=\"wp-image-3942\" srcset=\"http:\/\/unoyunodos.sareleku.com\/wp-content\/uploads\/El-invierno-es-una-estacion-1024x576.jpg 1024w, http:\/\/unoyunodos.sareleku.com\/wp-content\/uploads\/El-invierno-es-una-estacion-300x169.jpg 300w, http:\/\/unoyunodos.sareleku.com\/wp-content\/uploads\/El-invierno-es-una-estacion-768x432.jpg 768w, http:\/\/unoyunodos.sareleku.com\/wp-content\/uploads\/El-invierno-es-una-estacion-1536x864.jpg 1536w, http:\/\/unoyunodos.sareleku.com\/wp-content\/uploads\/El-invierno-es-una-estacion-1080x608.jpg 1080w, http:\/\/unoyunodos.sareleku.com\/wp-content\/uploads\/El-invierno-es-una-estacion.jpg 1600w\" sizes=\"(max-width: 1024px) 100vw, 1024px\" \/><\/figure>\n\n\n\n<p>El invierno es la estaci\u00f3n del fr\u00edo, la quietud y la introspecci\u00f3n. Es un tiempo en el que la naturaleza parece dormirse, cubri\u00e9ndose a menudo con un manto de nieve que protege la tierra de las duras condiciones. Los d\u00edas cortos y las noches largas crean un ambiente propicio para la reflexi\u00f3n y el recogimiento. Aunque el invierno puede parecer desolador, tambi\u00e9n es una estaci\u00f3n de preparaci\u00f3n, un momento en el que la tierra y sus criaturas se preparan para el renacimiento que vendr\u00e1 con la primavera.<\/p>\n<p>Las estaciones del a\u00f1o no son solo un ciclo clim\u00e1tico, sino un recordatorio constante de los ciclos de la vida misma. Cada estaci\u00f3n aporta su propio ritmo, su propia belleza y su propio significado, reflejando los diferentes estados por los que pasamos a lo largo de nuestra existencia. La comprensi\u00f3n y apreciaci\u00f3n de estos ciclos naturales nos conectan con la esencia misma de la vida, record\u00e1ndonos que, al igual que la naturaleza, nosotros tambi\u00e9n estamos en un proceso continuo de cambio y transformaci\u00f3n.<\/p>\n\n\n","protected":false},"excerpt":{"rendered":"<p>El invierno es la estaci\u00f3n del fr\u00edo, la quietud y la introspecci\u00f3n. Es un tiempo en el que la naturaleza parece dormirse, cubri\u00e9ndose a menudo con un manto de nieve que protege la tierra de las duras condiciones. Los d\u00edas cortos y las noches largas crean un ambiente propicio para la reflexi\u00f3n y el recogimiento. [&hellip;]<\/p>\n","protected":false},"author":2,"featured_media":3942,"comment_status":"open","ping_status":"open","sticky":false,"template":"","format":"standard","meta":{"_et_pb_use_builder":"off","_et_pb_old_content":"","_et_gb_content_width":"","_jetpack_memberships_contains_paid_content":false,"footnotes":""},"categories":[50],"tags":[355,208,263],"class_list":["post-3941","post","type-post","status-publish","format-standard","has-post-thumbnail","hentry","category-luismartinez","tag-355","tag-invierno","tag-naturaleza","et-has-post-format-content","et_post_format-et-post-format-standard"],"jetpack_featured_media_url":"http:\/\/unoyunodos.sareleku.com\/wp-content\/uploads\/El-invierno-es-una-estacion.jpg","jetpack_sharing_enabled":true,"_links":{"self":[{"href":"http:\/\/unoyunodos.sareleku.com\/index.php\/wp-json\/wp\/v2\/posts\/3941","targetHints":{"allow":["GET"]}}],"collection":[{"href":"http:\/\/unoyunodos.sareleku.com\/index.php\/wp-json\/wp\/v2\/posts"}],"about":[{"href":"http:\/\/unoyunodos.sareleku.com\/index.php\/wp-json\/wp\/v2\/types\/post"}],"author":[{"embeddable":true,"href":"http:\/\/unoyunodos.sareleku.com\/index.php\/wp-json\/wp\/v2\/users\/2"}],"replies":[{"embeddable":true,"href":"http:\/\/unoyunodos.sareleku.com\/index.php\/wp-json\/wp\/v2\/comments?post=3941"}],"version-history":[{"count":1,"href":"http:\/\/unoyunodos.sareleku.com\/index.php\/wp-json\/wp\/v2\/posts\/3941\/revisions"}],"predecessor-version":[{"id":3943,"href":"http:\/\/unoyunodos.sareleku.com\/index.php\/wp-json\/wp\/v2\/posts\/3941\/revisions\/3943"}],"wp:featuredmedia":[{"embeddable":true,"href":"http:\/\/unoyunodos.sareleku.com\/index.php\/wp-json\/wp\/v2\/media\/3942"}],"wp:attachment":[{"href":"http:\/\/unoyunodos.sareleku.com\/index.php\/wp-json\/wp\/v2\/media?parent=3941"}],"wp:term":[{"taxonomy":"category","embeddable":true,"href":"http:\/\/unoyunodos.sareleku.com\/index.php\/wp-json\/wp\/v2\/categories?post=3941"},{"taxonomy":"post_tag","embeddable":true,"href":"http:\/\/unoyunodos.sareleku.com\/index.php\/wp-json\/wp\/v2\/tags?post=3941"}],"curies":[{"name":"wp","href":"https:\/\/api.w.org\/{rel}","templated":true}]}}