{"id":4150,"date":"2025-05-21T09:15:53","date_gmt":"2025-05-21T07:15:53","guid":{"rendered":"http:\/\/unoyunodos.sareleku.com\/?p=4150"},"modified":"2025-05-21T09:16:10","modified_gmt":"2025-05-21T07:16:10","slug":"francisco-javier-en-japon","status":"publish","type":"post","link":"http:\/\/unoyunodos.sareleku.com\/index.php\/francisco-javier-en-japon\/","title":{"rendered":"Francisco javier en Jap\u00f3n"},"content":{"rendered":"\n<figure class=\"wp-block-image size-large\"><img decoding=\"async\" width=\"1024\" height=\"576\" src=\"http:\/\/unoyunodos.sareleku.com\/wp-content\/uploads\/Francisco-Javier-en-Japon-1024x576.jpg\" alt=\"\" class=\"wp-image-4151\" srcset=\"http:\/\/unoyunodos.sareleku.com\/wp-content\/uploads\/Francisco-Javier-en-Japon-1024x576.jpg 1024w, http:\/\/unoyunodos.sareleku.com\/wp-content\/uploads\/Francisco-Javier-en-Japon-300x169.jpg 300w, http:\/\/unoyunodos.sareleku.com\/wp-content\/uploads\/Francisco-Javier-en-Japon-768x432.jpg 768w, http:\/\/unoyunodos.sareleku.com\/wp-content\/uploads\/Francisco-Javier-en-Japon-1536x864.jpg 1536w, http:\/\/unoyunodos.sareleku.com\/wp-content\/uploads\/Francisco-Javier-en-Japon-1080x608.jpg 1080w, http:\/\/unoyunodos.sareleku.com\/wp-content\/uploads\/Francisco-Javier-en-Japon.jpg 1600w\" sizes=\"(max-width: 1024px) 100vw, 1024px\" \/><\/figure>\n\n\n\n<p class=\"ds-markdown-paragraph\">San Francisco Javier (1506-1552), fue uno de los fundadores de la Compa\u00f1\u00eda de Jes\u00fas y figura clave de la Contrarreforma. Dedic\u00f3 su vida a la evangelizaci\u00f3n en Asia, dejando un legado profundo en pa\u00edses como India, Jap\u00f3n y China.<\/p>\n<p class=\"ds-markdown-paragraph\">Nacido en el castillo de Javier (Navarra, Espa\u00f1a), Francisco estudi\u00f3 en Par\u00eds, donde conoci\u00f3 a Ignacio de Loyola. Bajo su influencia, abandon\u00f3 ambiciones mundanas para unirse a la fundaci\u00f3n de los jesuitas en 1534. Tras ser ordenado sacerdote en 1537, parti\u00f3 hacia Lisboa en 1540 como respuesta a una solicitud del rey Juan III de Portugal para evangelizar las colonias portuguesas en Asia.<\/p>\n<h3><strong>1. Misi\u00f3n en la India (1542-1549)<\/strong><\/h3>\n<p class=\"ds-markdown-paragraph\"><strong>Goa<\/strong>: Lleg\u00f3 en 1542 y se enfrent\u00f3 a la corrupci\u00f3n de colonos portugueses, quienes practicaban la esclavitud y abandonaban la fe. Javier reform\u00f3 la comunidad cristiana mediante catequesis, atenci\u00f3n a enfermos y la creaci\u00f3n de escuelas. Usaba canciones populares para ense\u00f1ar doctrina. Bautiz\u00f3 a miles en la costa de la Pesquer\u00eda y Travancore, donde se registraron hasta 10,000 conversiones en un mes.<\/p>\n<h3><strong>2. Expansi\u00f3n hacia Jap\u00f3n (1549-1551)<\/strong><\/h3>\n<p class=\"ds-markdown-paragraph\">Desembarc\u00f3 en 1549 en Kagoshima, con el converso japon\u00e9s Anjiro (Paulo de Santa Fe). Aprendi\u00f3 japon\u00e9s y adapt\u00f3 el mensaje cristiano a conceptos budistas, logrando 100 conversiones iniciales. En Yamaguchi, adopt\u00f3 vestimenta y protocolos nobles para ganar respeto, obteniendo permiso para predicar. Fund\u00f3 comunidades y tradujo textos religiosos. Enfrent\u00f3 oposici\u00f3n de monjes budistas y la complejidad pol\u00edtica del Jap\u00f3n feudal, donde el emperador ten\u00eda poco poder real.<\/p>\n<h3><strong>3. Intento fallido en China y muerte (1552)<\/strong><\/h3>\n<p class=\"ds-markdown-paragraph\">Convencido de que la evangelizaci\u00f3n de China impactar\u00eda toda Asia, parti\u00f3 hacia la isla de Shangchuan en 1552. Sin embargo, muri\u00f3 de neumon\u00eda el 3 de diciembre, a los 46 a\u00f1os, mientras esperaba un barco para entrar al continente.<\/p>\n","protected":false},"excerpt":{"rendered":"<p>San Francisco Javier (1506-1552), fue uno de los fundadores de la Compa\u00f1\u00eda de Jes\u00fas y figura clave de la Contrarreforma. Dedic\u00f3 su vida a la evangelizaci\u00f3n en Asia, dejando un legado profundo en pa\u00edses como India, Jap\u00f3n y China. Nacido en el castillo de Javier (Navarra, Espa\u00f1a), Francisco estudi\u00f3 en Par\u00eds, donde conoci\u00f3 a Ignacio [&hellip;]<\/p>\n","protected":false},"author":2,"featured_media":4151,"comment_status":"open","ping_status":"open","sticky":false,"template":"","format":"standard","meta":{"_et_pb_use_builder":"off","_et_pb_old_content":"","_et_gb_content_width":"","_jetpack_memberships_contains_paid_content":false,"footnotes":""},"categories":[50],"tags":[374],"class_list":["post-4150","post","type-post","status-publish","format-standard","has-post-thumbnail","hentry","category-luismartinez","tag-374","et-has-post-format-content","et_post_format-et-post-format-standard"],"jetpack_featured_media_url":"http:\/\/unoyunodos.sareleku.com\/wp-content\/uploads\/Francisco-Javier-en-Japon.jpg","jetpack_sharing_enabled":true,"_links":{"self":[{"href":"http:\/\/unoyunodos.sareleku.com\/index.php\/wp-json\/wp\/v2\/posts\/4150","targetHints":{"allow":["GET"]}}],"collection":[{"href":"http:\/\/unoyunodos.sareleku.com\/index.php\/wp-json\/wp\/v2\/posts"}],"about":[{"href":"http:\/\/unoyunodos.sareleku.com\/index.php\/wp-json\/wp\/v2\/types\/post"}],"author":[{"embeddable":true,"href":"http:\/\/unoyunodos.sareleku.com\/index.php\/wp-json\/wp\/v2\/users\/2"}],"replies":[{"embeddable":true,"href":"http:\/\/unoyunodos.sareleku.com\/index.php\/wp-json\/wp\/v2\/comments?post=4150"}],"version-history":[{"count":1,"href":"http:\/\/unoyunodos.sareleku.com\/index.php\/wp-json\/wp\/v2\/posts\/4150\/revisions"}],"predecessor-version":[{"id":4152,"href":"http:\/\/unoyunodos.sareleku.com\/index.php\/wp-json\/wp\/v2\/posts\/4150\/revisions\/4152"}],"wp:featuredmedia":[{"embeddable":true,"href":"http:\/\/unoyunodos.sareleku.com\/index.php\/wp-json\/wp\/v2\/media\/4151"}],"wp:attachment":[{"href":"http:\/\/unoyunodos.sareleku.com\/index.php\/wp-json\/wp\/v2\/media?parent=4150"}],"wp:term":[{"taxonomy":"category","embeddable":true,"href":"http:\/\/unoyunodos.sareleku.com\/index.php\/wp-json\/wp\/v2\/categories?post=4150"},{"taxonomy":"post_tag","embeddable":true,"href":"http:\/\/unoyunodos.sareleku.com\/index.php\/wp-json\/wp\/v2\/tags?post=4150"}],"curies":[{"name":"wp","href":"https:\/\/api.w.org\/{rel}","templated":true}]}}