{"id":4226,"date":"2025-09-04T20:46:54","date_gmt":"2025-09-04T18:46:54","guid":{"rendered":"http:\/\/unoyunodos.sareleku.com\/?p=4226"},"modified":"2025-09-04T20:47:09","modified_gmt":"2025-09-04T18:47:09","slug":"contradicciones","status":"publish","type":"post","link":"http:\/\/unoyunodos.sareleku.com\/index.php\/contradicciones\/","title":{"rendered":"Contradicciones"},"content":{"rendered":"\n\n\n\n\n<figure class=\"wp-block-image size-large\"><img decoding=\"async\" width=\"1024\" height=\"594\" src=\"http:\/\/unoyunodos.sareleku.com\/wp-content\/uploads\/Varela-2025-18-1024x594.jpg\" alt=\"\" class=\"wp-image-4227\" srcset=\"http:\/\/unoyunodos.sareleku.com\/wp-content\/uploads\/Varela-2025-18-1024x594.jpg 1024w, http:\/\/unoyunodos.sareleku.com\/wp-content\/uploads\/Varela-2025-18-300x174.jpg 300w, http:\/\/unoyunodos.sareleku.com\/wp-content\/uploads\/Varela-2025-18-768x445.jpg 768w, http:\/\/unoyunodos.sareleku.com\/wp-content\/uploads\/Varela-2025-18-1536x890.jpg 1536w, http:\/\/unoyunodos.sareleku.com\/wp-content\/uploads\/Varela-2025-18-1080x626.jpg 1080w, http:\/\/unoyunodos.sareleku.com\/wp-content\/uploads\/Varela-2025-18.jpg 2048w\" sizes=\"(max-width: 1024px) 100vw, 1024px\" \/><\/figure>\n\n\n\n<p>Este verano de jornadas infernales, de bosques y aldeas calcinados, arrasados por el fuego, donde dormir era imposible, se viven momentos curiosos, momentos pintorescos como el que mostramos en esta imagen donde conviven en armon\u00eda gentes cobijadas de la lluvia bajo los paraguas mientras a su lado se pasean en ba\u00f1ador o se dan un chapuz\u00f3n en el mar.<\/p>\n","protected":false},"excerpt":{"rendered":"<p>Este verano de jornadas infernales, de bosques y aldeas calcinados, arrasados por el fuego, donde dormir era imposible, se viven momentos curiosos, momentos pintorescos como el que mostramos en esta imagen donde conviven en armon\u00eda gentes cobijadas de la lluvia bajo los paraguas mientras a su lado se pasean en ba\u00f1ador o se dan un [&hellip;]<\/p>\n","protected":false},"author":3,"featured_media":4227,"comment_status":"open","ping_status":"open","sticky":false,"template":"","format":"standard","meta":{"_et_pb_use_builder":"off","_et_pb_old_content":"","_et_gb_content_width":"","_jetpack_memberships_contains_paid_content":false,"footnotes":""},"categories":[51],"tags":[374,64,206,65,54],"class_list":["post-4226","post","type-post","status-publish","format-standard","has-post-thumbnail","hentry","category-joseramonvarela","tag-374","tag-donosti","tag-donostia","tag-la-concha","tag-mar","et-has-post-format-content","et_post_format-et-post-format-standard"],"jetpack_featured_media_url":"http:\/\/unoyunodos.sareleku.com\/wp-content\/uploads\/Varela-2025-18.jpg","jetpack_sharing_enabled":true,"_links":{"self":[{"href":"http:\/\/unoyunodos.sareleku.com\/index.php\/wp-json\/wp\/v2\/posts\/4226","targetHints":{"allow":["GET"]}}],"collection":[{"href":"http:\/\/unoyunodos.sareleku.com\/index.php\/wp-json\/wp\/v2\/posts"}],"about":[{"href":"http:\/\/unoyunodos.sareleku.com\/index.php\/wp-json\/wp\/v2\/types\/post"}],"author":[{"embeddable":true,"href":"http:\/\/unoyunodos.sareleku.com\/index.php\/wp-json\/wp\/v2\/users\/3"}],"replies":[{"embeddable":true,"href":"http:\/\/unoyunodos.sareleku.com\/index.php\/wp-json\/wp\/v2\/comments?post=4226"}],"version-history":[{"count":1,"href":"http:\/\/unoyunodos.sareleku.com\/index.php\/wp-json\/wp\/v2\/posts\/4226\/revisions"}],"predecessor-version":[{"id":4228,"href":"http:\/\/unoyunodos.sareleku.com\/index.php\/wp-json\/wp\/v2\/posts\/4226\/revisions\/4228"}],"wp:featuredmedia":[{"embeddable":true,"href":"http:\/\/unoyunodos.sareleku.com\/index.php\/wp-json\/wp\/v2\/media\/4227"}],"wp:attachment":[{"href":"http:\/\/unoyunodos.sareleku.com\/index.php\/wp-json\/wp\/v2\/media?parent=4226"}],"wp:term":[{"taxonomy":"category","embeddable":true,"href":"http:\/\/unoyunodos.sareleku.com\/index.php\/wp-json\/wp\/v2\/categories?post=4226"},{"taxonomy":"post_tag","embeddable":true,"href":"http:\/\/unoyunodos.sareleku.com\/index.php\/wp-json\/wp\/v2\/tags?post=4226"}],"curies":[{"name":"wp","href":"https:\/\/api.w.org\/{rel}","templated":true}]}}