{"id":4284,"date":"2025-11-22T22:57:00","date_gmt":"2025-11-22T21:57:00","guid":{"rendered":"http:\/\/unoyunodos.sareleku.com\/?p=4284"},"modified":"2025-12-06T11:09:31","modified_gmt":"2025-12-06T10:09:31","slug":"las-primeras-nieves","status":"publish","type":"post","link":"http:\/\/unoyunodos.sareleku.com\/index.php\/las-primeras-nieves\/","title":{"rendered":"Las primeras nieves"},"content":{"rendered":"\n<figure class=\"wp-block-image size-large\"><img decoding=\"async\" width=\"1024\" height=\"576\" src=\"http:\/\/unoyunodos.sareleku.com\/wp-content\/uploads\/PrimerasNieves-1024x576.jpg\" alt=\"\" class=\"wp-image-4285\" srcset=\"http:\/\/unoyunodos.sareleku.com\/wp-content\/uploads\/PrimerasNieves-1024x576.jpg 1024w, http:\/\/unoyunodos.sareleku.com\/wp-content\/uploads\/PrimerasNieves-300x169.jpg 300w, http:\/\/unoyunodos.sareleku.com\/wp-content\/uploads\/PrimerasNieves-768x432.jpg 768w, http:\/\/unoyunodos.sareleku.com\/wp-content\/uploads\/PrimerasNieves-1536x864.jpg 1536w, http:\/\/unoyunodos.sareleku.com\/wp-content\/uploads\/PrimerasNieves-1080x608.jpg 1080w, http:\/\/unoyunodos.sareleku.com\/wp-content\/uploads\/PrimerasNieves.jpg 1600w\" sizes=\"(max-width: 1024px) 100vw, 1024px\" \/><\/figure>\n\n\n\n\n\n<p style=\"text-align: center\">Caen las primeras nieves- Como una eleg\u00eda blanca<br \/>que cubre el jard\u00edn de la infancia, la huella del primer amor,<br \/>y el sendero que ya recorrimos.<br \/>Es la memoria fr\u00eda de lo que fue y no volver\u00e1,<br \/>un manto de silencio sobre los d\u00edas vividos.<br \/>Su belleza es el adi\u00f3s: se borran los contornos,<br \/>y recuerda que todo se serena, se apaga,<br \/>se transforma en pura y l\u00edvida quietud.<br \/>En su llegada hay una ternura sepulcral,<br \/>un cerrar de cap\u00edtulos bajo el cielo indiferente.<br \/>Es la nieve, en fin, la misma siempre,<br \/>cayendo sobre lo que somos y lo que fuimos.<\/p>\n","protected":false},"excerpt":{"rendered":"<p>Caen las primeras nieves- Como una eleg\u00eda blancaque cubre el jard\u00edn de la infancia, la huella del primer amor,y el sendero que ya recorrimos.Es la memoria fr\u00eda de lo que fue y no volver\u00e1,un manto de silencio sobre los d\u00edas vividos.Su belleza es el adi\u00f3s: se borran los contornos,y recuerda que todo se serena, se [&hellip;]<\/p>\n","protected":false},"author":2,"featured_media":4285,"comment_status":"open","ping_status":"open","sticky":false,"template":"","format":"standard","meta":{"_et_pb_use_builder":"off","_et_pb_old_content":"","_et_gb_content_width":"","_jetpack_memberships_contains_paid_content":false,"footnotes":""},"categories":[50],"tags":[374,73,83],"class_list":["post-4284","post","type-post","status-publish","format-standard","has-post-thumbnail","hentry","category-luismartinez","tag-374","tag-navarra","tag-nieve","et-has-post-format-content","et_post_format-et-post-format-standard"],"jetpack_featured_media_url":"http:\/\/unoyunodos.sareleku.com\/wp-content\/uploads\/PrimerasNieves.jpg","jetpack_sharing_enabled":true,"_links":{"self":[{"href":"http:\/\/unoyunodos.sareleku.com\/index.php\/wp-json\/wp\/v2\/posts\/4284","targetHints":{"allow":["GET"]}}],"collection":[{"href":"http:\/\/unoyunodos.sareleku.com\/index.php\/wp-json\/wp\/v2\/posts"}],"about":[{"href":"http:\/\/unoyunodos.sareleku.com\/index.php\/wp-json\/wp\/v2\/types\/post"}],"author":[{"embeddable":true,"href":"http:\/\/unoyunodos.sareleku.com\/index.php\/wp-json\/wp\/v2\/users\/2"}],"replies":[{"embeddable":true,"href":"http:\/\/unoyunodos.sareleku.com\/index.php\/wp-json\/wp\/v2\/comments?post=4284"}],"version-history":[{"count":1,"href":"http:\/\/unoyunodos.sareleku.com\/index.php\/wp-json\/wp\/v2\/posts\/4284\/revisions"}],"predecessor-version":[{"id":4286,"href":"http:\/\/unoyunodos.sareleku.com\/index.php\/wp-json\/wp\/v2\/posts\/4284\/revisions\/4286"}],"wp:featuredmedia":[{"embeddable":true,"href":"http:\/\/unoyunodos.sareleku.com\/index.php\/wp-json\/wp\/v2\/media\/4285"}],"wp:attachment":[{"href":"http:\/\/unoyunodos.sareleku.com\/index.php\/wp-json\/wp\/v2\/media?parent=4284"}],"wp:term":[{"taxonomy":"category","embeddable":true,"href":"http:\/\/unoyunodos.sareleku.com\/index.php\/wp-json\/wp\/v2\/categories?post=4284"},{"taxonomy":"post_tag","embeddable":true,"href":"http:\/\/unoyunodos.sareleku.com\/index.php\/wp-json\/wp\/v2\/tags?post=4284"}],"curies":[{"name":"wp","href":"https:\/\/api.w.org\/{rel}","templated":true}]}}