{"id":4287,"date":"2025-11-29T11:20:00","date_gmt":"2025-11-29T10:20:00","guid":{"rendered":"http:\/\/unoyunodos.sareleku.com\/?p=4287"},"modified":"2025-12-06T11:32:27","modified_gmt":"2025-12-06T10:32:27","slug":"fachada-mudejar","status":"publish","type":"post","link":"http:\/\/unoyunodos.sareleku.com\/index.php\/fachada-mudejar\/","title":{"rendered":"Fachada mud\u00e9jar"},"content":{"rendered":"\n<figure class=\"wp-block-image size-large\"><img decoding=\"async\" width=\"1024\" height=\"512\" src=\"http:\/\/unoyunodos.sareleku.com\/wp-content\/uploads\/Arte-mudejar-1024x512.jpg\" alt=\"\" class=\"wp-image-4288\" srcset=\"http:\/\/unoyunodos.sareleku.com\/wp-content\/uploads\/Arte-mudejar-1024x512.jpg 1024w, http:\/\/unoyunodos.sareleku.com\/wp-content\/uploads\/Arte-mudejar-300x150.jpg 300w, http:\/\/unoyunodos.sareleku.com\/wp-content\/uploads\/Arte-mudejar-768x384.jpg 768w, http:\/\/unoyunodos.sareleku.com\/wp-content\/uploads\/Arte-mudejar-1536x768.jpg 1536w, http:\/\/unoyunodos.sareleku.com\/wp-content\/uploads\/Arte-mudejar-1080x540.jpg 1080w, http:\/\/unoyunodos.sareleku.com\/wp-content\/uploads\/Arte-mudejar-1280x640.jpg 1280w, http:\/\/unoyunodos.sareleku.com\/wp-content\/uploads\/Arte-mudejar.jpg 1600w\" sizes=\"(max-width: 1024px) 100vw, 1024px\" \/><\/figure>\n\n\n\n<p class=\"ds-markdown-paragraph\">El\u00a0arte mud\u00e9jar\u00a0es un estilo art\u00edstico y arquitect\u00f3nico\u00a0exclusivo de la pen\u00ednsula ib\u00e9rica, desarrollado entre los\u00a0siglos XII y XVI. Se caracteriza por la\u00a0fusi\u00f3n de t\u00e9cnicas, elementos decorativos y estructuras de tradici\u00f3n isl\u00e1mica (hispano-musulmana) con los estilos cristianos dominantes de la \u00e9poca\u00a0(rom\u00e1nico, g\u00f3tico y renacentista).<\/p>\n<p class=\"ds-markdown-paragraph\">El t\u00e9rmino \u00ab<em>mud\u00e9ja<\/em>r\u00bb proviene de la palabra \u00e1rabe\u00a0<em>mudayyan<\/em>\u00a0(\u0645\u062f\u062c\u0646), que significa \u00ab<em>aquel a quien se ha permitido quedarse<\/em>\u00ab. Hace referencia a los\u00a0musulmanes que permanecieron en los territorios conquistados por los reinos cristianos\u00a0y que, como artesanos y alba\u00f1iles, aplicaron su saber hacer a los encargos de los nuevos se\u00f1ores.<\/p>\n<p>La fachada lateral mud\u00e9jar de <em><strong>La Seo<\/strong><\/em> corresponde al muro exterior de la capilla de San Miguel Arc\u00e1ngel, conocida como \u00abLa Parroquieta\u00bb, situado en el lado norte de la catedral. Este muro es una de las obras maestras del mud\u00e9jar aragon\u00e9s y fue declarado <em>Patrimonio de la Humanidad por la UNESCO<\/em> en 2001.<\/p>\n<p>Esta fachadase construy\u00f3 en el a\u00f1o 1378 por los azulejeros sevillanos <strong>Garci S\u00e1nchez y Lop,<\/strong> por encargo del arzovispo <strong>Lope Fern\u00e1ndez de Luna<\/strong>, cuyo escudo her\u00e1ldico se puede contemplar en la fachada, creada a base de azulejos pol\u00edcromos (verde, blanco, vino) sobre ladrillo formando diversas figuras geom\u00e9tricas como arcos mixtil\u00edneos ciegos y l\u00edneas rectas.<\/p>\n","protected":false},"excerpt":{"rendered":"<p>El\u00a0arte mud\u00e9jar\u00a0es un estilo art\u00edstico y arquitect\u00f3nico\u00a0exclusivo de la pen\u00ednsula ib\u00e9rica, desarrollado entre los\u00a0siglos XII y XVI. Se caracteriza por la\u00a0fusi\u00f3n de t\u00e9cnicas, elementos decorativos y estructuras de tradici\u00f3n isl\u00e1mica (hispano-musulmana) con los estilos cristianos dominantes de la \u00e9poca\u00a0(rom\u00e1nico, g\u00f3tico y renacentista). El t\u00e9rmino \u00abmud\u00e9jar\u00bb proviene de la palabra \u00e1rabe\u00a0mudayyan\u00a0(\u0645\u062f\u062c\u0646), que significa \u00abaquel a quien [&hellip;]<\/p>\n","protected":false},"author":2,"featured_media":4288,"comment_status":"open","ping_status":"open","sticky":false,"template":"","format":"standard","meta":{"_et_pb_use_builder":"off","_et_pb_old_content":"","_et_gb_content_width":"","_jetpack_memberships_contains_paid_content":false,"footnotes":""},"categories":[50],"tags":[374,90,217],"class_list":["post-4287","post","type-post","status-publish","format-standard","has-post-thumbnail","hentry","category-luismartinez","tag-374","tag-arquitectura","tag-zaragoza","et-has-post-format-content","et_post_format-et-post-format-standard"],"jetpack_featured_media_url":"http:\/\/unoyunodos.sareleku.com\/wp-content\/uploads\/Arte-mudejar.jpg","jetpack_sharing_enabled":true,"_links":{"self":[{"href":"http:\/\/unoyunodos.sareleku.com\/index.php\/wp-json\/wp\/v2\/posts\/4287","targetHints":{"allow":["GET"]}}],"collection":[{"href":"http:\/\/unoyunodos.sareleku.com\/index.php\/wp-json\/wp\/v2\/posts"}],"about":[{"href":"http:\/\/unoyunodos.sareleku.com\/index.php\/wp-json\/wp\/v2\/types\/post"}],"author":[{"embeddable":true,"href":"http:\/\/unoyunodos.sareleku.com\/index.php\/wp-json\/wp\/v2\/users\/2"}],"replies":[{"embeddable":true,"href":"http:\/\/unoyunodos.sareleku.com\/index.php\/wp-json\/wp\/v2\/comments?post=4287"}],"version-history":[{"count":1,"href":"http:\/\/unoyunodos.sareleku.com\/index.php\/wp-json\/wp\/v2\/posts\/4287\/revisions"}],"predecessor-version":[{"id":4289,"href":"http:\/\/unoyunodos.sareleku.com\/index.php\/wp-json\/wp\/v2\/posts\/4287\/revisions\/4289"}],"wp:featuredmedia":[{"embeddable":true,"href":"http:\/\/unoyunodos.sareleku.com\/index.php\/wp-json\/wp\/v2\/media\/4288"}],"wp:attachment":[{"href":"http:\/\/unoyunodos.sareleku.com\/index.php\/wp-json\/wp\/v2\/media?parent=4287"}],"wp:term":[{"taxonomy":"category","embeddable":true,"href":"http:\/\/unoyunodos.sareleku.com\/index.php\/wp-json\/wp\/v2\/categories?post=4287"},{"taxonomy":"post_tag","embeddable":true,"href":"http:\/\/unoyunodos.sareleku.com\/index.php\/wp-json\/wp\/v2\/tags?post=4287"}],"curies":[{"name":"wp","href":"https:\/\/api.w.org\/{rel}","templated":true}]}}