{"id":4291,"date":"2025-12-07T14:06:32","date_gmt":"2025-12-07T13:06:32","guid":{"rendered":"http:\/\/unoyunodos.sareleku.com\/?p=4291"},"modified":"2025-12-07T14:06:46","modified_gmt":"2025-12-07T13:06:46","slug":"transiciones","status":"publish","type":"post","link":"http:\/\/unoyunodos.sareleku.com\/index.php\/transiciones\/","title":{"rendered":"Transiciones"},"content":{"rendered":"\n<figure class=\"wp-block-image size-large\"><img decoding=\"async\" width=\"1024\" height=\"683\" src=\"http:\/\/unoyunodos.sareleku.com\/wp-content\/uploads\/Varela-2025-25-1024x683.jpeg\" alt=\"\" class=\"wp-image-4292\" srcset=\"http:\/\/unoyunodos.sareleku.com\/wp-content\/uploads\/Varela-2025-25-1024x683.jpeg 1024w, http:\/\/unoyunodos.sareleku.com\/wp-content\/uploads\/Varela-2025-25-300x200.jpeg 300w, http:\/\/unoyunodos.sareleku.com\/wp-content\/uploads\/Varela-2025-25-768x512.jpeg 768w, http:\/\/unoyunodos.sareleku.com\/wp-content\/uploads\/Varela-2025-25-1536x1024.jpeg 1536w, http:\/\/unoyunodos.sareleku.com\/wp-content\/uploads\/Varela-2025-25-1080x720.jpeg 1080w, http:\/\/unoyunodos.sareleku.com\/wp-content\/uploads\/Varela-2025-25.jpeg 2048w\" sizes=\"(max-width: 1024px) 100vw, 1024px\" \/><\/figure>\n\n\n\n<p>Estamos acostumbrados a ver, en verano, la bah\u00eda atestadas de balandros y otras peque\u00f1as embarcaciones; as\u00ed mismo, en invierno, estamos familiarizados a ver la bah\u00eda desnuda, sin lanchas ni veleros, pero casi nadie se fija en las \u00e9pocas de transici\u00f3n, primavera y oto\u00f1o, donde las aguas no presentan su desnudez invernal, ni su abigarrada imagen estival. En oto\u00f1o, s\u00f3lo durante unos d\u00edas, lo \u00fanico que flota sobre las aguas de la bah\u00eda son las boyas en la que anta\u00f1o se amarraban los balandros.<\/p>\n","protected":false},"excerpt":{"rendered":"<p>Estamos acostumbrados a ver, en verano, la bah\u00eda atestadas de balandros y otras peque\u00f1as embarcaciones; as\u00ed mismo, en invierno, estamos familiarizados a ver la bah\u00eda desnuda, sin lanchas ni veleros, pero casi nadie se fija en las \u00e9pocas de transici\u00f3n, primavera y oto\u00f1o, donde las aguas no presentan su desnudez invernal, ni su abigarrada imagen [&hellip;]<\/p>\n","protected":false},"author":3,"featured_media":4292,"comment_status":"open","ping_status":"open","sticky":false,"template":"","format":"standard","meta":{"_et_pb_use_builder":"off","_et_pb_old_content":"","_et_gb_content_width":"","_jetpack_memberships_contains_paid_content":false,"footnotes":""},"categories":[51],"tags":[374,54],"class_list":["post-4291","post","type-post","status-publish","format-standard","has-post-thumbnail","hentry","category-joseramonvarela","tag-374","tag-mar","et-has-post-format-content","et_post_format-et-post-format-standard"],"jetpack_featured_media_url":"http:\/\/unoyunodos.sareleku.com\/wp-content\/uploads\/Varela-2025-25.jpeg","jetpack_sharing_enabled":true,"_links":{"self":[{"href":"http:\/\/unoyunodos.sareleku.com\/index.php\/wp-json\/wp\/v2\/posts\/4291","targetHints":{"allow":["GET"]}}],"collection":[{"href":"http:\/\/unoyunodos.sareleku.com\/index.php\/wp-json\/wp\/v2\/posts"}],"about":[{"href":"http:\/\/unoyunodos.sareleku.com\/index.php\/wp-json\/wp\/v2\/types\/post"}],"author":[{"embeddable":true,"href":"http:\/\/unoyunodos.sareleku.com\/index.php\/wp-json\/wp\/v2\/users\/3"}],"replies":[{"embeddable":true,"href":"http:\/\/unoyunodos.sareleku.com\/index.php\/wp-json\/wp\/v2\/comments?post=4291"}],"version-history":[{"count":1,"href":"http:\/\/unoyunodos.sareleku.com\/index.php\/wp-json\/wp\/v2\/posts\/4291\/revisions"}],"predecessor-version":[{"id":4293,"href":"http:\/\/unoyunodos.sareleku.com\/index.php\/wp-json\/wp\/v2\/posts\/4291\/revisions\/4293"}],"wp:featuredmedia":[{"embeddable":true,"href":"http:\/\/unoyunodos.sareleku.com\/index.php\/wp-json\/wp\/v2\/media\/4292"}],"wp:attachment":[{"href":"http:\/\/unoyunodos.sareleku.com\/index.php\/wp-json\/wp\/v2\/media?parent=4291"}],"wp:term":[{"taxonomy":"category","embeddable":true,"href":"http:\/\/unoyunodos.sareleku.com\/index.php\/wp-json\/wp\/v2\/categories?post=4291"},{"taxonomy":"post_tag","embeddable":true,"href":"http:\/\/unoyunodos.sareleku.com\/index.php\/wp-json\/wp\/v2\/tags?post=4291"}],"curies":[{"name":"wp","href":"https:\/\/api.w.org\/{rel}","templated":true}]}}