{"id":785,"date":"2014-04-05T22:00:11","date_gmt":"2014-04-05T20:00:11","guid":{"rendered":"http:\/\/unoyunodos.sareleku.com\/?p=785"},"modified":"2020-03-20T16:55:04","modified_gmt":"2020-03-20T15:55:04","slug":"el-faro","status":"publish","type":"post","link":"http:\/\/unoyunodos.sareleku.com\/index.php\/el-faro\/","title":{"rendered":"El faro"},"content":{"rendered":"<p><a href=\"http:\/\/unoyunodos.sareleku.com\/wp-content\/uploads\/2014\/03\/farola015.jpg\"><img decoding=\"async\" class=\"aligncenter size-full wp-image-786\" alt=\"farola015\" src=\"http:\/\/unoyunodos.sareleku.com\/wp-content\/uploads\/2014\/03\/farola015.jpg\" width=\"1024\" height=\"768\" srcset=\"http:\/\/unoyunodos.sareleku.com\/wp-content\/uploads\/2014\/03\/farola015.jpg 1024w, http:\/\/unoyunodos.sareleku.com\/wp-content\/uploads\/2014\/03\/farola015-300x225.jpg 300w\" sizes=\"(max-width: 1024px) 100vw, 1024px\" \/><\/a><\/p>\n<p style=\"text-align: justify;\">\u00a1Que angustia! Llevo d\u00edas perdido en el oc\u00e9ano de las calles y paseos de mi ciudad. Camino cabizbajo, ausente, ajeno a las personas con las que me cruzo, las percibo tan perdidas como lo estoy yo, como si fueran momias vivientes, que navegan sin rumbo desde la costa del vac\u00edo hacia la isla de la nada. Estoy a punto de perder la esperanza, deseando ser abatido por un fuerte golpe de mar que me escore, zozobre y me hunda en un fondo profundo y sereno donde encuentre el ansiado descanso, este mar inmenso que inunda de silencios la ciudad, al rayar la tarde se va apagando y los colores aterrados se cobijan bajo el manto negro de la noche. Ya nada es visible, todo est\u00e1 te\u00f1ido de sombras, de miedos, de ausencias\u2026 Y cuando m\u00e1s cegado me siento y mayor es mi deseo de apagar definitivamente mis pupilas, descubro un t\u00edmido haz luminoso, un faro, un hilo de luz que alimenta la \u00faltima de mis esperanzas.<\/p>\n","protected":false},"excerpt":{"rendered":"<p>\u00a1Que angustia! Llevo d\u00edas perdido en el oc\u00e9ano de las calles y paseos de mi ciudad. Camino cabizbajo, ausente, ajeno a las personas con las que me cruzo, las percibo tan perdidas como lo estoy yo, como si fueran momias vivientes, que navegan sin rumbo desde la costa del vac\u00edo hacia la isla de la [&hellip;]<\/p>\n","protected":false},"author":3,"featured_media":786,"comment_status":"open","ping_status":"open","sticky":false,"template":"","format":"standard","meta":{"_et_pb_use_builder":"","_et_pb_old_content":"","_et_gb_content_width":"","_jetpack_memberships_contains_paid_content":false,"footnotes":""},"categories":[51],"tags":[],"class_list":["post-785","post","type-post","status-publish","format-standard","has-post-thumbnail","hentry","category-joseramonvarela","et-has-post-format-content","et_post_format-et-post-format-standard"],"jetpack_featured_media_url":"http:\/\/unoyunodos.sareleku.com\/wp-content\/uploads\/2014\/03\/farola015.jpg","jetpack_sharing_enabled":true,"_links":{"self":[{"href":"http:\/\/unoyunodos.sareleku.com\/index.php\/wp-json\/wp\/v2\/posts\/785","targetHints":{"allow":["GET"]}}],"collection":[{"href":"http:\/\/unoyunodos.sareleku.com\/index.php\/wp-json\/wp\/v2\/posts"}],"about":[{"href":"http:\/\/unoyunodos.sareleku.com\/index.php\/wp-json\/wp\/v2\/types\/post"}],"author":[{"embeddable":true,"href":"http:\/\/unoyunodos.sareleku.com\/index.php\/wp-json\/wp\/v2\/users\/3"}],"replies":[{"embeddable":true,"href":"http:\/\/unoyunodos.sareleku.com\/index.php\/wp-json\/wp\/v2\/comments?post=785"}],"version-history":[{"count":1,"href":"http:\/\/unoyunodos.sareleku.com\/index.php\/wp-json\/wp\/v2\/posts\/785\/revisions"}],"predecessor-version":[{"id":2582,"href":"http:\/\/unoyunodos.sareleku.com\/index.php\/wp-json\/wp\/v2\/posts\/785\/revisions\/2582"}],"wp:featuredmedia":[{"embeddable":true,"href":"http:\/\/unoyunodos.sareleku.com\/index.php\/wp-json\/wp\/v2\/media\/786"}],"wp:attachment":[{"href":"http:\/\/unoyunodos.sareleku.com\/index.php\/wp-json\/wp\/v2\/media?parent=785"}],"wp:term":[{"taxonomy":"category","embeddable":true,"href":"http:\/\/unoyunodos.sareleku.com\/index.php\/wp-json\/wp\/v2\/categories?post=785"},{"taxonomy":"post_tag","embeddable":true,"href":"http:\/\/unoyunodos.sareleku.com\/index.php\/wp-json\/wp\/v2\/tags?post=785"}],"curies":[{"name":"wp","href":"https:\/\/api.w.org\/{rel}","templated":true}]}}